{"id":28169,"date":"2023-05-31T05:30:03","date_gmt":"2023-05-31T09:30:03","guid":{"rendered":"http:\/\/ciudadtrujillo.com\/?p=28169"},"modified":"2023-05-31T05:30:03","modified_gmt":"2023-05-31T09:30:03","slug":"conmemoran-460-anos-de-bocono-con-proyectos-para-el-beneficio-del-pueblo","status":"publish","type":"post","link":"https:\/\/ciudadtrujillo.com\/?p=28169","title":{"rendered":"Conmemoran 460 a\u00f1os de Bocon\u00f3 con proyectos para el beneficio del pueblo"},"content":{"rendered":"<p style=\"text-align: justify;\">Bajo una lluvia incesante y en medio de la cordialidad caracter\u00edstica del pueblo bocon\u00e9s, este martes se llevaron a cabo desde la plaza Bol\u00edvar de Bocon\u00f3 los actos protocolares con motivo de los 460 a\u00f1os del asentamiento de este municipio, el cual fue bautizado por el Libertador Sim\u00f3n Bol\u00edvar como el Jard\u00edn de Venezuela.<\/p>\n<p style=\"text-align: justify;\">Durante la sesi\u00f3n especial del Concejo Municipal, la oradora de orden, diputada a la Asamblea Nacional Mar\u00eda Le\u00f3n (a quien nombraron en el 2022 hija adoptiva de Bocon\u00f3), resalt\u00f3 la gentileza y genialidad del pueblo que se ha fortalecido a trav\u00e9s de los a\u00f1os. Asimismo, pidi\u00f3 que desde esta hist\u00f3rica tierra se siga rindiendo culto a los ideales libertarios del Padre de la Patria y que sean aprovechadas las potencialidades agr\u00edcolas del municipio.<\/p>\n<p style=\"text-align: justify;\">Al respecto, el gobernador del estado Trujillo, Gerardo M\u00e1rquez, enfatiz\u00f3 que el Gobierno Bolivariano tiene una deuda con Bocon\u00f3 por ser \u00e9ste municipio un escenario de hechos trascendentales y porque ha aportado grandes hombres y mujeres de extraordinaria val\u00eda.<\/p>\n<p style=\"text-align: justify;\">De igual manera, detall\u00f3 una serie de anuncios que vienen a fortalecer las pol\u00edticas gubernamentales en beneficio del pueblo bocon\u00e9s. En tal sentido, indic\u00f3 que en los pr\u00f3ximos d\u00edas se iniciar\u00e1 la construcci\u00f3n de una planta de llenado de gas en la localidad para atender a las 12 parroquias del municipio.<\/p>\n<p style=\"text-align: justify;\">Tambi\u00e9n se\u00f1al\u00f3 que de la Fuerza de Tarea Andes 2023 se enviar\u00e1 maquinaria, tecnolog\u00eda y equipos especiales para el eje de Bocon\u00f3 &#8211; Campo El\u00edas con el fin de atender las eventualidades producto de las lluvias.<\/p>\n<p style=\"text-align: justify;\">Por su parte, el alcalde Alejandro Garc\u00eda agradeci\u00f3 a las autoridades gubernamentales de car\u00e1cter nacional y regional por el apoyo brindado para la ejecuci\u00f3n de diversos proyectos que se han materializado, fortaleci\u00e9ndose las \u00e1reas de salud, turismo, deporte, educaci\u00f3n, entre otras.<\/p>\n<p style=\"text-align: justify;\">Asimismo, el burgomaestre anunci\u00f3 la declaratoria de la pieza musical \u00abBocon\u00f3\u00bb, compuesta por el cantante y maestro bocon\u00e9s Eugenio Bracamonte, como Patrimonio Cultural del municipio.<\/p>\n<p style=\"text-align: justify;\">Enfatiz\u00f3 que seguir\u00e1n trabajando junto al pueblo para fortalecer esta tierra, cuya riqueza espiritual y cultural es digna de ser proyectada.<\/p>\n<p>&nbsp;<\/p>\n<p>&nbsp;<\/p>\n<h6>Yelimar Hidalgo\/Gr\u00e1ficas: Fernando Chuecos<\/h6>\n","protected":false},"excerpt":{"rendered":"<p>Bajo una lluvia incesante y en medio de la cordialidad caracter\u00edstica del pueblo bocon\u00e9s, este martes se llevaron a cabo desde la plaza Bol\u00edvar de Bocon\u00f3 los actos protocolares con&hellip; <\/p>\n","protected":false},"author":1,"featured_media":28170,"comment_status":"closed","ping_status":"closed","sticky":false,"template":"","format":"standard","meta":{"footnotes":""},"categories":[52,40],"tags":[],"class_list":["post-28169","post","type-post","status-publish","format-standard","has-post-thumbnail","hentry","category-destacadas","category-grantrujillo"],"_links":{"self":[{"href":"https:\/\/ciudadtrujillo.com\/index.php?rest_route=\/wp\/v2\/posts\/28169","targetHints":{"allow":["GET"]}}],"collection":[{"href":"https:\/\/ciudadtrujillo.com\/index.php?rest_route=\/wp\/v2\/posts"}],"about":[{"href":"https:\/\/ciudadtrujillo.com\/index.php?rest_route=\/wp\/v2\/types\/post"}],"author":[{"embeddable":true,"href":"https:\/\/ciudadtrujillo.com\/index.php?rest_route=\/wp\/v2\/users\/1"}],"replies":[{"embeddable":true,"href":"https:\/\/ciudadtrujillo.com\/index.php?rest_route=%2Fwp%2Fv2%2Fcomments&post=28169"}],"version-history":[{"count":1,"href":"https:\/\/ciudadtrujillo.com\/index.php?rest_route=\/wp\/v2\/posts\/28169\/revisions"}],"predecessor-version":[{"id":28171,"href":"https:\/\/ciudadtrujillo.com\/index.php?rest_route=\/wp\/v2\/posts\/28169\/revisions\/28171"}],"wp:featuredmedia":[{"embeddable":true,"href":"https:\/\/ciudadtrujillo.com\/index.php?rest_route=\/wp\/v2\/media\/28170"}],"wp:attachment":[{"href":"https:\/\/ciudadtrujillo.com\/index.php?rest_route=%2Fwp%2Fv2%2Fmedia&parent=28169"}],"wp:term":[{"taxonomy":"category","embeddable":true,"href":"https:\/\/ciudadtrujillo.com\/index.php?rest_route=%2Fwp%2Fv2%2Fcategories&post=28169"},{"taxonomy":"post_tag","embeddable":true,"href":"https:\/\/ciudadtrujillo.com\/index.php?rest_route=%2Fwp%2Fv2%2Ftags&post=28169"}],"curies":[{"name":"wp","href":"https:\/\/api.w.org\/{rel}","templated":true}]}}