{"id":28166,"date":"2023-05-31T05:28:29","date_gmt":"2023-05-31T09:28:29","guid":{"rendered":"http:\/\/ciudadtrujillo.com\/?p=28166"},"modified":"2023-05-31T05:28:29","modified_gmt":"2023-05-31T09:28:29","slug":"primera-combatiente-reyna-de-marquez-celebra-semana-del-adulto-mayor-en-el-monumento-a-la-paz","status":"publish","type":"post","link":"https:\/\/ciudadtrujillo.com\/?p=28166","title":{"rendered":"Primera Combatiente Reyna de M\u00e1rquez celebra Semana del Adulto Mayor en el Monumento a la Paz"},"content":{"rendered":"<p style=\"text-align: justify;\">Con una hermosa actividad, desde el Monumento de la Paz, la Primera Combatiente y directora de la Fundaci\u00f3n Regional \u201cEl Ni\u00f1o Sim\u00f3n\u201d-Trujillo, Reyna P\u00e9rez de M\u00e1rquez, en articulaci\u00f3n con el Instituto de Alimentaci\u00f3n y Nutrici\u00f3n del estado Trujillo (IANET), lider\u00f3 la celebraci\u00f3n el D\u00eda del Adulto Mayor.<\/p>\n<p style=\"text-align: justify;\">Una misa de acci\u00f3n de gracias fue el inicio de este d\u00eda de recreaci\u00f3n y felicidad. Se realiz\u00f3 un recorrido por el Monumento, un torneo de domin\u00f3 y un rico almuerzo que disfrutaron los abuelos y abuelas en su d\u00eda. Con el objetivo de brindar un d\u00eda diferente a los abuelos, quienes han sido pilares fundamentales de cada familia y con su experiencia y sabios consejos han contribuido a lo largo de su vida.<\/p>\n<p style=\"text-align: justify;\">En este sentido, P\u00e9rez de M\u00e1rquez indic\u00f3: \u201cNos encontramos en el Monumento de la Paz, celebrando la Semana del Adulto Mayor, con una homil\u00eda hermosa, nosotros le debemos a estos abuelos toda la vida, ellos nos dieron nuestra educaci\u00f3n y toda la vida han trabajado para que nosotros seamos grandes seres humanos, esta sensibilidad no la podemos olvidar, es una experiencia maravillosa con ellos, un llamado para todos los que tienen mam\u00e1, pap\u00e1 y abuelos, que siempre le dediquemos el tiempo necesario\u201d, destac\u00f3.<\/p>\n<p style=\"text-align: justify;\">Por su parte la presidenta del IANET, Luz del Valle Castillo, resalt\u00f3: \u201cEstamos en una actividad extraordinaria con los abuelos del INASS, los de la Residencia Ikake, del Hospital Pr\u00f3spero Reverend y los adultos y adultas mayores del estado Trujillo, una actividad llena de amor, de calor, es poco lo que hagamos por quienes han dado tanto, ellos est\u00e1n en el etapa del reconocimiento y agradecimiento, gracias a esas personas que construyeron familias extraordinarias, que sacan adelante a la sociedad y que tienen tan compromiso con el pueblo\u201d, dijo.<\/p>\n<p>&nbsp;<\/p>\n<p>&nbsp;<\/p>\n<h6>Prensa FRNSTRU \/ Karelis Dur\u00e1n\/Gr\u00e1ficas Mar\u00eda Fernanda Riera.<\/h6>\n","protected":false},"excerpt":{"rendered":"<p>Con una hermosa actividad, desde el Monumento de la Paz, la Primera Combatiente y directora de la Fundaci\u00f3n Regional \u201cEl Ni\u00f1o Sim\u00f3n\u201d-Trujillo, Reyna P\u00e9rez de M\u00e1rquez, en articulaci\u00f3n con el&hellip; <\/p>\n","protected":false},"author":1,"featured_media":28167,"comment_status":"closed","ping_status":"closed","sticky":false,"template":"","format":"standard","meta":{"footnotes":""},"categories":[40],"tags":[],"class_list":["post-28166","post","type-post","status-publish","format-standard","has-post-thumbnail","hentry","category-grantrujillo"],"_links":{"self":[{"href":"https:\/\/ciudadtrujillo.com\/index.php?rest_route=\/wp\/v2\/posts\/28166","targetHints":{"allow":["GET"]}}],"collection":[{"href":"https:\/\/ciudadtrujillo.com\/index.php?rest_route=\/wp\/v2\/posts"}],"about":[{"href":"https:\/\/ciudadtrujillo.com\/index.php?rest_route=\/wp\/v2\/types\/post"}],"author":[{"embeddable":true,"href":"https:\/\/ciudadtrujillo.com\/index.php?rest_route=\/wp\/v2\/users\/1"}],"replies":[{"embeddable":true,"href":"https:\/\/ciudadtrujillo.com\/index.php?rest_route=%2Fwp%2Fv2%2Fcomments&post=28166"}],"version-history":[{"count":1,"href":"https:\/\/ciudadtrujillo.com\/index.php?rest_route=\/wp\/v2\/posts\/28166\/revisions"}],"predecessor-version":[{"id":28168,"href":"https:\/\/ciudadtrujillo.com\/index.php?rest_route=\/wp\/v2\/posts\/28166\/revisions\/28168"}],"wp:featuredmedia":[{"embeddable":true,"href":"https:\/\/ciudadtrujillo.com\/index.php?rest_route=\/wp\/v2\/media\/28167"}],"wp:attachment":[{"href":"https:\/\/ciudadtrujillo.com\/index.php?rest_route=%2Fwp%2Fv2%2Fmedia&parent=28166"}],"wp:term":[{"taxonomy":"category","embeddable":true,"href":"https:\/\/ciudadtrujillo.com\/index.php?rest_route=%2Fwp%2Fv2%2Fcategories&post=28166"},{"taxonomy":"post_tag","embeddable":true,"href":"https:\/\/ciudadtrujillo.com\/index.php?rest_route=%2Fwp%2Fv2%2Ftags&post=28166"}],"curies":[{"name":"wp","href":"https:\/\/api.w.org\/{rel}","templated":true}]}}