{"id":28163,"date":"2023-05-31T05:26:22","date_gmt":"2023-05-31T09:26:22","guid":{"rendered":"http:\/\/ciudadtrujillo.com\/?p=28163"},"modified":"2023-05-31T05:26:22","modified_gmt":"2023-05-31T09:26:22","slug":"comision-nacional-de-la-clase-obrera-del-psuv-entrega-reconocimientos-a-jovenes-trabajadores-trujillanos","status":"publish","type":"post","link":"https:\/\/ciudadtrujillo.com\/?p=28163","title":{"rendered":"Comisi\u00f3n Nacional de la Clase Obrera del Psuv entrega reconocimientos a j\u00f3venes trabajadores trujillanos"},"content":{"rendered":"<p style=\"text-align: justify;\">Este martes, desde el auditorio \u00abLuis Beltr\u00e1n Prieto Figueroa\u00bb en la sede del Instituto Nacional de Capacitaci\u00f3n y Educaci\u00f3n Socialista (Inces), ubicada en el municipio Valera, la Comisi\u00f3n Nacional de la Clase Obrera realiz\u00f3 un acto de entrega de 90 reconocimientos a j\u00f3venes trabajadores de distintas empresas y direcciones de la entidad.<\/p>\n<p style=\"text-align: justify;\">En este sentido, el Comisionado de la Clase Obrera y Trabajadores del PSUV en Trujillo, Daniel Carre\u00f1o, expres\u00f3 que la actividad busca fomentar el \u00edmpetu y entusiasmo de los j\u00f3venes, \u201cel Presidente Nicol\u00e1s Maduro apuesta por la juventud y nuestro gobernador Gerardo M\u00e1rquez da pleno respaldo para que ellos sigan forjando Patria\u201d.<\/p>\n<p style=\"text-align: justify;\">Asimismo, la coordinadora estadal de la JPSUV, Cristin Chirinos, reconoci\u00f3 la rebeld\u00eda de la juventud para sacar adelante al pa\u00eds, \u201cel llamado es a seguir creciendo y fortaleciendo a Venezuela\u201d.<\/p>\n<p style=\"text-align: justify;\">Por su parte, el Comisionado de la Clase Obrera y Trabajadores del JPSUV en Trujillo, Joyce Chinchilla, manifest\u00f3: \u201clos j\u00f3venes son el motor que d\u00eda a d\u00eda dan lo mejor de ellos por nuestro pa\u00eds, esta es una actividad que se realiza en simult\u00e1neo a nivel nacional para destacar el rol protag\u00f3nico de la juventud en la etapa de desarrollo laboral\u201d.<\/p>\n<p style=\"text-align: justify;\">Cabe mencionar que la entrega de reconocimientos fue dirigida a j\u00f3venes de diferentes empresas y direcciones como Cantv, Trujillo Gas Comunal, Direcci\u00f3n General de Desarrollo Agroecol\u00f3gico, Venvidrio, entre otros.<\/p>\n<p style=\"text-align: justify;\">\nDurante la actividad estuvieron presentes el director de Desarrollo Agroecol\u00f3gico, Ing. Carlos Gil; el presidente de Cantv en Trujillo, Ing. Nomar Araujo; el director del Inces regional, Lcdo. Alexis Brice\u00f1o; la directora del Ministerio del Trabajo, Lcda. Mar\u00eda Ca\u00f1\u00f3n, entre otros.<\/p>\n<p style=\"text-align: justify;\">\n<p>&nbsp;<\/p>\n<p>&nbsp;<\/p>\n<h6>Yarlenis Albarr\u00e1n\/Gr\u00e1fica: David V\u00e1squez<\/h6>\n","protected":false},"excerpt":{"rendered":"<p>Este martes, desde el auditorio \u00abLuis Beltr\u00e1n Prieto Figueroa\u00bb en la sede del Instituto Nacional de Capacitaci\u00f3n y Educaci\u00f3n Socialista (Inces), ubicada en el municipio Valera, la Comisi\u00f3n Nacional de&hellip; <\/p>\n","protected":false},"author":1,"featured_media":28164,"comment_status":"closed","ping_status":"closed","sticky":false,"template":"","format":"standard","meta":{"footnotes":""},"categories":[40],"tags":[],"class_list":["post-28163","post","type-post","status-publish","format-standard","has-post-thumbnail","hentry","category-grantrujillo"],"_links":{"self":[{"href":"https:\/\/ciudadtrujillo.com\/index.php?rest_route=\/wp\/v2\/posts\/28163","targetHints":{"allow":["GET"]}}],"collection":[{"href":"https:\/\/ciudadtrujillo.com\/index.php?rest_route=\/wp\/v2\/posts"}],"about":[{"href":"https:\/\/ciudadtrujillo.com\/index.php?rest_route=\/wp\/v2\/types\/post"}],"author":[{"embeddable":true,"href":"https:\/\/ciudadtrujillo.com\/index.php?rest_route=\/wp\/v2\/users\/1"}],"replies":[{"embeddable":true,"href":"https:\/\/ciudadtrujillo.com\/index.php?rest_route=%2Fwp%2Fv2%2Fcomments&post=28163"}],"version-history":[{"count":1,"href":"https:\/\/ciudadtrujillo.com\/index.php?rest_route=\/wp\/v2\/posts\/28163\/revisions"}],"predecessor-version":[{"id":28165,"href":"https:\/\/ciudadtrujillo.com\/index.php?rest_route=\/wp\/v2\/posts\/28163\/revisions\/28165"}],"wp:featuredmedia":[{"embeddable":true,"href":"https:\/\/ciudadtrujillo.com\/index.php?rest_route=\/wp\/v2\/media\/28164"}],"wp:attachment":[{"href":"https:\/\/ciudadtrujillo.com\/index.php?rest_route=%2Fwp%2Fv2%2Fmedia&parent=28163"}],"wp:term":[{"taxonomy":"category","embeddable":true,"href":"https:\/\/ciudadtrujillo.com\/index.php?rest_route=%2Fwp%2Fv2%2Fcategories&post=28163"},{"taxonomy":"post_tag","embeddable":true,"href":"https:\/\/ciudadtrujillo.com\/index.php?rest_route=%2Fwp%2Fv2%2Ftags&post=28163"}],"curies":[{"name":"wp","href":"https:\/\/api.w.org\/{rel}","templated":true}]}}