{"id":28132,"date":"2023-05-31T04:54:36","date_gmt":"2023-05-31T08:54:36","guid":{"rendered":"http:\/\/ciudadtrujillo.com\/?p=28132"},"modified":"2023-05-31T04:54:36","modified_gmt":"2023-05-31T08:54:36","slug":"presidente-maduro-llega-al-palacio-de-itamaraty","status":"publish","type":"post","link":"https:\/\/ciudadtrujillo.com\/?p=28132","title":{"rendered":"Presidente Maduro llega al Palacio de Itamaraty"},"content":{"rendered":"<p style=\"text-align: justify;\">El presidente de la Rep\u00fablica Bolivariana de Venezuela, Nicol\u00e1s Maduro, lleg\u00f3 en la ma\u00f1ana de este martes al Palacio de Itamaraty, sede de la Canciller\u00eda brasile\u00f1a, para la reuni\u00f3n de l\u00edderes de Am\u00e9rica del Sur convocada por el mandatario brasile\u00f1o, Luiz In\u00e1cio Lula da Silva. En la reuni\u00f3n participan 10 presidentes de pa\u00edses sudamericanos. Al respecto han confirmado su presencia los jefes de Estado de Argentina, Bolivia, Chile, Colombia, Ecuador, Guyana, Paraguay, Surinam y Uruguay.<\/p>\n<p style=\"text-align: justify;\">A partir de las 10:00 de la ma\u00f1ana (hora local) de este martes, se prev\u00e9 realizar la fotograf\u00eda oficial por parte de los Jefes de Estado y de Gobierno, para luego pasar a realizar la sesi\u00f3n inaugural de este encuentro.<\/p>\n<p style=\"text-align: justify;\">Durante la declaraci\u00f3n conjunta a medios de comunicaci\u00f3n social, ofrecida este lunes, el mandatario venezolano se\u00f1al\u00f3 que Venezuela elevar\u00e1 su voz y llevar\u00e1 la verdad del pa\u00eds suramericano a este encuentro, el presidente expres\u00f3: \u00abElevaremos la propuesta de que, como regi\u00f3n, se le solicite al Gobierno de Estados Unidos el levantamiento de todas las medidas coercitivas unilaterales contra Venezuela y los pa\u00edses que sufren este tipo de sanciones\u00bb.<\/p>\n<p style=\"text-align: justify;\">Por su parte, la secretaria para Am\u00e9rica Latina y el Caribe del Ministerio de Relaciones Exteriores de Brasil, Gisela Padovan, explic\u00f3 que \u201cel principal objetivo de esta reuni\u00f3n es reanudar el di\u00e1logo con los pa\u00edses sudamericanos, muy truncado en los \u00faltimos a\u00f1os, y que es una prioridad del Gobierno de Lula. Sabemos que hay diferencias de visi\u00f3n y diferencias ideol\u00f3gicas entre los pa\u00edses, pero Lula quiere reactivar este di\u00e1logo con los pa\u00edses bas\u00e1ndose en denominadores comunes\u201d.<\/p>\n<p style=\"text-align: justify;\">Se espera que los mandatarios discutan formas m\u00e1s concretas de ampliar la integraci\u00f3n, incluyendo la posibilidad de crear o reestructurar un mecanismo de cooperaci\u00f3n sudamericano que re\u00fana a todas las naciones de la regi\u00f3n, seg\u00fan rese\u00f1\u00f3 la Agencia Brasil.<\/p>\n<p>&nbsp;<\/p>\n<p>&nbsp;<\/p>\n<h6>VTV<\/h6>\n","protected":false},"excerpt":{"rendered":"<p>El presidente de la Rep\u00fablica Bolivariana de Venezuela, Nicol\u00e1s Maduro, lleg\u00f3 en la ma\u00f1ana de este martes al Palacio de Itamaraty, sede de la Canciller\u00eda brasile\u00f1a, para la reuni\u00f3n de&hellip; <\/p>\n","protected":false},"author":1,"featured_media":28133,"comment_status":"closed","ping_status":"closed","sticky":false,"template":"","format":"standard","meta":{"footnotes":""},"categories":[41],"tags":[],"class_list":["post-28132","post","type-post","status-publish","format-standard","has-post-thumbnail","hentry","category-pais"],"_links":{"self":[{"href":"https:\/\/ciudadtrujillo.com\/index.php?rest_route=\/wp\/v2\/posts\/28132","targetHints":{"allow":["GET"]}}],"collection":[{"href":"https:\/\/ciudadtrujillo.com\/index.php?rest_route=\/wp\/v2\/posts"}],"about":[{"href":"https:\/\/ciudadtrujillo.com\/index.php?rest_route=\/wp\/v2\/types\/post"}],"author":[{"embeddable":true,"href":"https:\/\/ciudadtrujillo.com\/index.php?rest_route=\/wp\/v2\/users\/1"}],"replies":[{"embeddable":true,"href":"https:\/\/ciudadtrujillo.com\/index.php?rest_route=%2Fwp%2Fv2%2Fcomments&post=28132"}],"version-history":[{"count":1,"href":"https:\/\/ciudadtrujillo.com\/index.php?rest_route=\/wp\/v2\/posts\/28132\/revisions"}],"predecessor-version":[{"id":28134,"href":"https:\/\/ciudadtrujillo.com\/index.php?rest_route=\/wp\/v2\/posts\/28132\/revisions\/28134"}],"wp:featuredmedia":[{"embeddable":true,"href":"https:\/\/ciudadtrujillo.com\/index.php?rest_route=\/wp\/v2\/media\/28133"}],"wp:attachment":[{"href":"https:\/\/ciudadtrujillo.com\/index.php?rest_route=%2Fwp%2Fv2%2Fmedia&parent=28132"}],"wp:term":[{"taxonomy":"category","embeddable":true,"href":"https:\/\/ciudadtrujillo.com\/index.php?rest_route=%2Fwp%2Fv2%2Fcategories&post=28132"},{"taxonomy":"post_tag","embeddable":true,"href":"https:\/\/ciudadtrujillo.com\/index.php?rest_route=%2Fwp%2Fv2%2Ftags&post=28132"}],"curies":[{"name":"wp","href":"https:\/\/api.w.org\/{rel}","templated":true}]}}