{"id":28129,"date":"2023-05-31T04:52:05","date_gmt":"2023-05-31T08:52:05","guid":{"rendered":"http:\/\/ciudadtrujillo.com\/?p=28129"},"modified":"2023-05-31T04:52:05","modified_gmt":"2023-05-31T08:52:05","slug":"festival-de-danza-gladys-mota-fue-una-gran-fiesta-cultural","status":"publish","type":"post","link":"https:\/\/ciudadtrujillo.com\/?p=28129","title":{"rendered":"Festival de Danza \u201cGladys Mota\u201d fue una gran fiesta cultural"},"content":{"rendered":"<p style=\"text-align: justify;\">Con el nombre \u201cLa danza como patrimonio de los pueblos\u201d se celebr\u00f3 el XVIII Festival de Danza \u201cGladys Mota\u201d, una gran fiesta cultural que exalt\u00f3 los distintos lenguajes del arte con la participaci\u00f3n de una decena de agrupaciones de baile de todo el estado, m\u00fasica en vivo y la exposici\u00f3n pict\u00f3rica \u201cViajando en el Tiempo\u201d del Maestro Jes\u00fas Torres, recordando con alegr\u00eda y respeto la memoria de la bailarina ep\u00f3nima, quien fue pionera de la ense\u00f1anza de la danza en la regi\u00f3n y dej\u00f3 un legado que se ha perpetuado en el tiempo.<\/p>\n<p style=\"text-align: justify;\">\u201cSon tantos amigos y amigas que hoy le rendimos este homenaje a la profesora Gladys Mota, aunque no hay un d\u00eda en la instituci\u00f3n que no recordemos su memoria y todo el amor que ella sembr\u00f3 en nosotros; ese mismo amor que nos re\u00fane aqu\u00ed, cada vez con m\u00e1s fuerza, transmitiendo la belleza de la danza y del arte\u201d.<\/p>\n<p style=\"text-align: justify;\">As\u00ed lo expres\u00f3 la profesora Auris Berrios, directora del Centro Integral de las Artes de Valera (CIAV), ente adscrito al Instituto de la Cultura y las Artes del estado Trujillo, presidido por Edgar Barreo, autoridad \u00fanica de cultura en la entidad, cumpliendo con las directrices del Gobernador del estado My. Gerarado M\u00e1rquez, en cuanto al reimpulso, promoci\u00f3n y difusi\u00f3n del patrimonio cultural trujillano.<\/p>\n<h3 style=\"text-align: justify;\">Danza Nacionalista<\/h3>\n<p style=\"text-align: justify;\">El Festival de Danza \u201cGladys Mota\u201d en su d\u00e9cima octava edici\u00f3n, reuni\u00f3 a las agrupaciones \u201cAmanecer Andino\u201d, \u201cCaribay\u201d, \u201cEvoluci\u00f3n\u201d, \u201cFundet\u201d, \u201cMardedysmar\u201d, \u201cPresb\u00edtero Ram\u00f3n Aponte\u201d, \u201cDanzas Valera\u201d y la escuela anfitriona \u201cGladys Mota\u201d; as\u00ed como a \u201cLina Academia\u201d, de la profesora Lina Brice\u00f1o y su coro de \u201cManos Blancas\u201d, junto a los peque\u00f1o de Casa Hogar del Servicio Administrativo de Protecci\u00f3n del ni\u00f1o, ni\u00f1a y adolescente de estado Trujillo (Sapnnaet), dando cuenta de un trabajo sensible y humano dirigido a la inclusi\u00f3n y a la igualdad de oportunidades.<\/p>\n<p style=\"text-align: justify;\">El XVIII Festival de Danza \u201cGladys Mota\u201d, fue la reafirmaci\u00f3n de la danza tradicional y nacionalista que enaltece el folclore venezolano y fortalece nuestra identidad, donde destacaron ritmos como el calipso, joropo, jota margarite\u00f1a y la hermosa manifestaci\u00f3n de las \u201cLocas y loca\u00ednas\u201d, capitaneadas por Do\u00f1a Teresa Moillo, patrimonio cultural del pa\u00eds.<\/p>\n<h3 style=\"text-align: justify;\">\u201cViajando en el tiempo\u201d<\/h3>\n<p style=\"text-align: justify;\">Cabe destacar la exposici\u00f3n de pintura \u201cViajando en el tiempo\u201d, del maestro escuque\u00f1o, Jes\u00fas Torres, la cual tuvo lugar en la galer\u00eda Josefa Sulbar\u00e1n del Foro Bolivariano de Valera, compuesta por 22 obras de diferentes estilos y t\u00e9cnicas variadas, muestra que permiti\u00f3 reconocer la trayectoria de seis bailarinas formadas bajo la tutela de la profesora Gladys Mota, como lo son la profesora Auris Berrios, Yelitza Barrera, Blanquita Reixach, Marisol Urbina, Nelly Garc\u00eda y Eddy Colmen\u00e1rez.<\/p>\n<p style=\"text-align: justify;\">La nota musical estuvo a cargo de la agrupaci\u00f3n \u201cSon Tropical\u201d, que hizo bailar a m\u00e1s de un con su contagioso ritmo, \u201ccelebrando la vida y celebrando la belleza de la danza\u201d, como bien lo enfatiz\u00f3 la profesora Auris Berrios.<\/p>\n<p style=\"text-align: justify;\">La Red de Arte y la Librer\u00eda del Sur del Ministerio del Poder Popular para la Cultura (MPPC), tambi\u00e9n dijeron presente, adem\u00e1s de un bazar con art\u00edculos artesanales, dulcer\u00eda criolla, ropa y calzado en respaldo al emprendimiento familiar.<\/p>\n<p style=\"text-align: justify;\">El XVIII Festival de Danza \u201cGladys Mota\u201d, estuvo enmarcado en el mes de la Danza, el D\u00eda Nacional del Artista Pl\u00e1stico y el 42 aniversario de Danzas Valera, proyect\u00e1ndose como un referente de la danza nacionalista y la cultura popular en el estado Trujillo, en funci\u00f3n de fortalecer el movimiento danc\u00edstico regional desde una perspectiva nacional.<\/p>\n<p style=\"text-align: justify;\">La Escuela de Danza y Ballet \u201cGladys Mota\u201d, fundada en 1969, durante estos 54 a\u00f1os, de la mano de la profesora Auris Berrios, se ha dedicado a elevar el quehacer cultural en la entidad trujillana, siendo junto a \u201cDanzas Valera\u201d, patrimonio cultural desde el a\u00f1o 2009 por designaci\u00f3n del Ministerio del Poder Popular para la Cultura (MPPC) y Orden Ciudad de Valera, en su \u00fanica clase, desde el a\u00f1o 2012.<\/p>\n<p>&nbsp;<\/p>\n<p>&nbsp;<\/p>\n<h6>Texto y gr\u00e1ficas: Griselda Castellanos\/Prensa Incaet<\/h6>\n<p>&nbsp;<\/p>\n","protected":false},"excerpt":{"rendered":"<p>Con el nombre \u201cLa danza como patrimonio de los pueblos\u201d se celebr\u00f3 el XVIII Festival de Danza \u201cGladys Mota\u201d, una gran fiesta cultural que exalt\u00f3 los distintos lenguajes del arte&hellip; <\/p>\n","protected":false},"author":1,"featured_media":28130,"comment_status":"closed","ping_status":"closed","sticky":false,"template":"","format":"standard","meta":{"footnotes":""},"categories":[40],"tags":[],"class_list":["post-28129","post","type-post","status-publish","format-standard","has-post-thumbnail","hentry","category-grantrujillo"],"_links":{"self":[{"href":"https:\/\/ciudadtrujillo.com\/index.php?rest_route=\/wp\/v2\/posts\/28129","targetHints":{"allow":["GET"]}}],"collection":[{"href":"https:\/\/ciudadtrujillo.com\/index.php?rest_route=\/wp\/v2\/posts"}],"about":[{"href":"https:\/\/ciudadtrujillo.com\/index.php?rest_route=\/wp\/v2\/types\/post"}],"author":[{"embeddable":true,"href":"https:\/\/ciudadtrujillo.com\/index.php?rest_route=\/wp\/v2\/users\/1"}],"replies":[{"embeddable":true,"href":"https:\/\/ciudadtrujillo.com\/index.php?rest_route=%2Fwp%2Fv2%2Fcomments&post=28129"}],"version-history":[{"count":1,"href":"https:\/\/ciudadtrujillo.com\/index.php?rest_route=\/wp\/v2\/posts\/28129\/revisions"}],"predecessor-version":[{"id":28131,"href":"https:\/\/ciudadtrujillo.com\/index.php?rest_route=\/wp\/v2\/posts\/28129\/revisions\/28131"}],"wp:featuredmedia":[{"embeddable":true,"href":"https:\/\/ciudadtrujillo.com\/index.php?rest_route=\/wp\/v2\/media\/28130"}],"wp:attachment":[{"href":"https:\/\/ciudadtrujillo.com\/index.php?rest_route=%2Fwp%2Fv2%2Fmedia&parent=28129"}],"wp:term":[{"taxonomy":"category","embeddable":true,"href":"https:\/\/ciudadtrujillo.com\/index.php?rest_route=%2Fwp%2Fv2%2Fcategories&post=28129"},{"taxonomy":"post_tag","embeddable":true,"href":"https:\/\/ciudadtrujillo.com\/index.php?rest_route=%2Fwp%2Fv2%2Ftags&post=28129"}],"curies":[{"name":"wp","href":"https:\/\/api.w.org\/{rel}","templated":true}]}}