{"id":28124,"date":"2023-05-29T21:16:17","date_gmt":"2023-05-30T01:16:17","guid":{"rendered":"http:\/\/ciudadtrujillo.com\/?p=28124"},"modified":"2023-05-29T21:16:20","modified_gmt":"2023-05-30T01:16:20","slug":"mas-de-8-150-familias-trujillanas-beneficiadas-con-combos-de-proteinas-y-hortalizas","status":"publish","type":"post","link":"https:\/\/ciudadtrujillo.com\/?p=28124","title":{"rendered":"M\u00e1s de 8.150 familias trujillanas beneficiadas con combos de prote\u00ednas y hortalizas"},"content":{"rendered":"<p style=\"text-align: justify;\">En el estado Trujillo avanza la entrega de combos alimenticios con prote\u00ednas y hortalizas gracias a la acci\u00f3n en conjunto del Ministerio del Poder Popular para la Alimentaci\u00f3n (Minppal), la Empresa Distribuidora Trujillana de Alimentos (Distal), Mercal y la Direcci\u00f3n de Desarrollo Agroecol\u00f3gico adscrita a la gobernaci\u00f3n de la entidad. Los municipios atendidos fueron Rafael Rangel, Carache, Monte Carmelo y Bol\u00edvar con un total de 8.150 familias favorecidas.<\/p>\n<p style=\"text-align: justify;\">\n<p style=\"text-align: justify;\">Asimismo, el despacho de los alimentos fue de 2.900 combos en Buena Vista del municipio Monte Carmelo, tambi\u00e9n 1.650 en la parroquia Betijoque del municipio Rafael Rangel, en Santa Cruz de Carache a 1.200 familias y 2.400 en Chereg\u00fce del municipio Bol\u00edvar.<\/p>\n<p style=\"text-align: justify;\">\n<p style=\"text-align: justify;\">Cabe destacar que en el marco de las pol\u00edticas sociales que se desempe\u00f1an en el territorio, la distribuci\u00f3n de alimentos se efectu\u00f3 a precios solidarios con el fin de cumplir con las orientaciones del gobernador My. Gerardo M\u00e1rquez de brindar protecci\u00f3n y bienestar a los trujillanos.<\/p>\n<p style=\"text-align: justify;\">\n<p style=\"text-align: justify;\">Las familias atendidas recibieron hortalizas como: tomate, pap\u00e1, zanahoria, lechuga, pepino, repollo, c\u00e9dano, cilantro, calabac\u00edn, adem\u00e1s de la prote\u00edna y otros.<\/p>\n<p style=\"text-align: justify;\">\n<p style=\"text-align: justify;\">El Gobierno Bolivariano contin\u00faa asistiendo a las diversas comunidades de Trujillo como muestra del empe\u00f1o por garantizar la alimentaci\u00f3n a las familias del territorio.<\/p>\n<p style=\"text-align: justify;\">\n<p>&nbsp;<\/p>\n<p>&nbsp;<\/p>\n<h6>Prensa Desarrollo Agroecol\u00f3gico\/Graf\u00edas: Cortes\u00eda<\/h6>\n","protected":false},"excerpt":{"rendered":"<p>En el estado Trujillo avanza la entrega de combos alimenticios con prote\u00ednas y hortalizas gracias a la acci\u00f3n en conjunto del Ministerio del Poder Popular para la Alimentaci\u00f3n (Minppal), la&hellip; <\/p>\n","protected":false},"author":1,"featured_media":28125,"comment_status":"closed","ping_status":"closed","sticky":false,"template":"","format":"standard","meta":{"footnotes":""},"categories":[52,40],"tags":[],"class_list":["post-28124","post","type-post","status-publish","format-standard","has-post-thumbnail","hentry","category-destacadas","category-grantrujillo"],"_links":{"self":[{"href":"https:\/\/ciudadtrujillo.com\/index.php?rest_route=\/wp\/v2\/posts\/28124","targetHints":{"allow":["GET"]}}],"collection":[{"href":"https:\/\/ciudadtrujillo.com\/index.php?rest_route=\/wp\/v2\/posts"}],"about":[{"href":"https:\/\/ciudadtrujillo.com\/index.php?rest_route=\/wp\/v2\/types\/post"}],"author":[{"embeddable":true,"href":"https:\/\/ciudadtrujillo.com\/index.php?rest_route=\/wp\/v2\/users\/1"}],"replies":[{"embeddable":true,"href":"https:\/\/ciudadtrujillo.com\/index.php?rest_route=%2Fwp%2Fv2%2Fcomments&post=28124"}],"version-history":[{"count":1,"href":"https:\/\/ciudadtrujillo.com\/index.php?rest_route=\/wp\/v2\/posts\/28124\/revisions"}],"predecessor-version":[{"id":28126,"href":"https:\/\/ciudadtrujillo.com\/index.php?rest_route=\/wp\/v2\/posts\/28124\/revisions\/28126"}],"wp:featuredmedia":[{"embeddable":true,"href":"https:\/\/ciudadtrujillo.com\/index.php?rest_route=\/wp\/v2\/media\/28125"}],"wp:attachment":[{"href":"https:\/\/ciudadtrujillo.com\/index.php?rest_route=%2Fwp%2Fv2%2Fmedia&parent=28124"}],"wp:term":[{"taxonomy":"category","embeddable":true,"href":"https:\/\/ciudadtrujillo.com\/index.php?rest_route=%2Fwp%2Fv2%2Fcategories&post=28124"},{"taxonomy":"post_tag","embeddable":true,"href":"https:\/\/ciudadtrujillo.com\/index.php?rest_route=%2Fwp%2Fv2%2Ftags&post=28124"}],"curies":[{"name":"wp","href":"https:\/\/api.w.org\/{rel}","templated":true}]}}