{"id":28121,"date":"2023-05-29T21:12:31","date_gmt":"2023-05-30T01:12:31","guid":{"rendered":"http:\/\/ciudadtrujillo.com\/?p=28121"},"modified":"2023-05-29T21:12:31","modified_gmt":"2023-05-30T01:12:31","slug":"gobierno-regional-se-mantiene-desplegado-para-atender-afectaciones-por-las-lluvias","status":"publish","type":"post","link":"https:\/\/ciudadtrujillo.com\/?p=28121","title":{"rendered":"Gobierno regional se mantiene desplegado para atender afectaciones por las lluvias"},"content":{"rendered":"<p style=\"text-align: justify;\">El gobernador de Trujillo, Gerardo M\u00e1rquez, report\u00f3 en sus redes sociales que en las \u00faltimas horas las fuertes lluvias han provocado deslizamientos, aumentos de caudales, r\u00edos y quebradas en varios municipios del estado. Adem\u00e1s, notific\u00f3 sobre la desaparici\u00f3n de una persona en el municipio Pamp\u00e1n.<\/p>\n<p style=\"text-align: justify;\">M\u00e1rquez escribi\u00f3 que en el municipio Trujillo hubo una explosi\u00f3n del banco de transformadores en el sector Las Araujas y Don Tob\u00edas. Adem\u00e1s del aumento considerable del caudal del r\u00edo Cast\u00e1n, sin reporte de afectaci\u00f3n.<\/p>\n<p style=\"text-align: justify;\">Por otro lado, en el municipio Escuque, se realizaron inspecciones y se observa talud activo por movimiento de masa, que afect\u00f3 seis viviendas. Adem\u00e1s, el colapso total en \u00e1reas de techo y pared lateral izquierda de vivienda tipo chalet por ca\u00edda de \u00e1rbol. \u00abYa se realiz\u00f3 el despeje y roleo del mismo\u00bb, detall\u00f3.<\/p>\n<p style=\"text-align: justify;\">Tambi\u00e9n se suscit\u00f3 el desborde de la quebrada Tabor, que perjudic\u00f3 seis viviendas con p\u00e9rdida de enseres. En el sector La Guaca, tambi\u00e9n se desbord\u00f3 la quebrada con afectaci\u00f3n por anegaci\u00f3n de dos viviendas y p\u00e9rdida de enseres. Estas familias fueron ubicadas en refugios solidarios de manera preventiva.<\/p>\n<p style=\"text-align: justify;\">\u00abPaso obstruido en la Troncal 007 v\u00eda Bocon\u00f3 por deslizamiento de talud en los sectores: Santa Elena, Los Chorros,Vit\u00fa, Diego D\u00edaz. La Secretar\u00eda de Infraestructura ya est\u00e1 en el sitio movilizando maquinaria para la limpieza. Despeje y corte de \u00e1rbol en la v\u00eda hacia Monay sector La Recta. En sector El Valle, desborde de quebrada, perjudicando viviendas por anegaci\u00f3n, se mantuvo paso obstruido por alto nivel de agua. Las familias afectadas fueron ubicadas en refugios solidarios de manera preventiva\u00bb.<\/p>\n<p style=\"text-align: justify;\">Por otro lado, en el municipio Pampanito, desborde del r\u00edo Cast\u00e1n en el sector Pampanito 3, con afectaci\u00f3n de 14 viviendas, dos con p\u00e9rdida de enseres. En sector La Concepci\u00f3n, el desborde del buco que pasa detr\u00e1s de la capilla afectando viviendas por anegaci\u00f3n. En el sector Alto Prado, el desborde de la naciente ha afectado la vialidad principal hacia la redoma por deslizamiento de material rocoso y sedimento\u00bb, destac\u00f3.<\/p>\n<p style=\"text-align: justify;\">El gobernador de Trujillo exhort\u00f3 a la poblaci\u00f3n a tomar precauciones al transitar por los lugares afectados. \u00abHacemos el llamado a la calma. El gobierno regional se mantiene desplegado para atender a nuestro pueblo de manera oportuna\u00bb, finaliz\u00f3.<\/p>\n<p>&nbsp;<\/p>\n<p>&nbsp;<\/p>\n<h6>Eliph Catalina Fern\u00e1ndez\/Gr\u00e1ficas: Cortes\u00eda PC<\/h6>\n","protected":false},"excerpt":{"rendered":"<p>El gobernador de Trujillo, Gerardo M\u00e1rquez, report\u00f3 en sus redes sociales que en las \u00faltimas horas las fuertes lluvias han provocado deslizamientos, aumentos de caudales, r\u00edos y quebradas en varios&hellip; <\/p>\n","protected":false},"author":1,"featured_media":28122,"comment_status":"closed","ping_status":"closed","sticky":false,"template":"","format":"standard","meta":{"footnotes":""},"categories":[40],"tags":[],"class_list":["post-28121","post","type-post","status-publish","format-standard","has-post-thumbnail","hentry","category-grantrujillo"],"_links":{"self":[{"href":"https:\/\/ciudadtrujillo.com\/index.php?rest_route=\/wp\/v2\/posts\/28121","targetHints":{"allow":["GET"]}}],"collection":[{"href":"https:\/\/ciudadtrujillo.com\/index.php?rest_route=\/wp\/v2\/posts"}],"about":[{"href":"https:\/\/ciudadtrujillo.com\/index.php?rest_route=\/wp\/v2\/types\/post"}],"author":[{"embeddable":true,"href":"https:\/\/ciudadtrujillo.com\/index.php?rest_route=\/wp\/v2\/users\/1"}],"replies":[{"embeddable":true,"href":"https:\/\/ciudadtrujillo.com\/index.php?rest_route=%2Fwp%2Fv2%2Fcomments&post=28121"}],"version-history":[{"count":1,"href":"https:\/\/ciudadtrujillo.com\/index.php?rest_route=\/wp\/v2\/posts\/28121\/revisions"}],"predecessor-version":[{"id":28123,"href":"https:\/\/ciudadtrujillo.com\/index.php?rest_route=\/wp\/v2\/posts\/28121\/revisions\/28123"}],"wp:featuredmedia":[{"embeddable":true,"href":"https:\/\/ciudadtrujillo.com\/index.php?rest_route=\/wp\/v2\/media\/28122"}],"wp:attachment":[{"href":"https:\/\/ciudadtrujillo.com\/index.php?rest_route=%2Fwp%2Fv2%2Fmedia&parent=28121"}],"wp:term":[{"taxonomy":"category","embeddable":true,"href":"https:\/\/ciudadtrujillo.com\/index.php?rest_route=%2Fwp%2Fv2%2Fcategories&post=28121"},{"taxonomy":"post_tag","embeddable":true,"href":"https:\/\/ciudadtrujillo.com\/index.php?rest_route=%2Fwp%2Fv2%2Ftags&post=28121"}],"curies":[{"name":"wp","href":"https:\/\/api.w.org\/{rel}","templated":true}]}}