{"id":28118,"date":"2023-05-29T20:52:40","date_gmt":"2023-05-30T00:52:40","guid":{"rendered":"http:\/\/ciudadtrujillo.com\/?p=28118"},"modified":"2023-05-29T20:52:40","modified_gmt":"2023-05-30T00:52:40","slug":"plantan-mas-de-200-especies-en-la-u-e-estanislao-carrillo-de-trujillo-como-parte-de-la-semana-del-arbol","status":"publish","type":"post","link":"https:\/\/ciudadtrujillo.com\/?p=28118","title":{"rendered":"Plantan m\u00e1s de 200 especies en la U.E. Estanislao Carrillo de Trujillo como parte de la Semana del \u00c1rbol"},"content":{"rendered":"<p style=\"text-align: justify;\">El Ministerio del Poder Popular para el Ecosocialismo (Minec), organismos adscritos e instituciones nacionales y regionales celebraron el D\u00eda del \u00c1rbol con la plantaci\u00f3n de 282 especies frutales en la Unidad Educativa Estanislao Carrillo del municipio Trujillo como parte del programa Un Estudiante, Un \u00c1rbol y el Plan Nacional de Reforestaci\u00f3n.<\/p>\n<p style=\"text-align: justify;\">En la actividad, a la cual asisti\u00f3 el director territorial del Minec, Jos\u00e9 Ricardo Castellano, participaron diferentes instituciones, tales como los organismos adscritos al Minec, Instituto Nacional de Parques (Inparques), Compa\u00f1\u00eda Nacional de Reforestaci\u00f3n (Conare), Misi\u00f3n \u00c1rbol, Guarder\u00eda Ambiental, adem\u00e1s de la Alcald\u00eda del municipio Trujillo, el Movimiento Ambientalista Cast\u00e1n Cedros de Trujillo, Guardianes del \u00c1rbol, entre otros.<\/p>\n<p style=\"text-align: justify;\">Se plantaron 80 de aguacate, tres de guan\u00e1bana, 191 de caf\u00e9 y siete de lim\u00f3n, con el aprovechamiento de los espacios de la parte posterior de la instituci\u00f3n educativa, fomentando as\u00ed la conservaci\u00f3n ambiental.<\/p>\n<h3 style=\"text-align: justify;\">Tambi\u00e9n en Bocon\u00f3<\/h3>\n<p style=\"text-align: justify;\">La jornada ambientalista se extendi\u00f3 hasta el municipio Bocon\u00f3, en el sector Tierra Blanca, v\u00eda El Pocito, en donde se realiz\u00f3, gracias al despliegue del Minec y sus organismos adscritos, una caminata ecol\u00f3gica, jornada de reforestaci\u00f3n con la plantaci\u00f3n de 160 \u00e1rboles y lanzamiento de 650 av\u00edos para contribuir a la preservaci\u00f3n.<\/p>\n<p>&nbsp;<\/p>\n<p>&nbsp;<\/p>\n<h6>Eliph Catalina Fern\u00e1ndez\/G\u00e1ficas: Cortes\u00eda<\/h6>\n","protected":false},"excerpt":{"rendered":"<p>El Ministerio del Poder Popular para el Ecosocialismo (Minec), organismos adscritos e instituciones nacionales y regionales celebraron el D\u00eda del \u00c1rbol con la plantaci\u00f3n de 282 especies frutales en la&hellip; <\/p>\n","protected":false},"author":1,"featured_media":28119,"comment_status":"closed","ping_status":"closed","sticky":false,"template":"","format":"standard","meta":{"footnotes":""},"categories":[40],"tags":[],"class_list":["post-28118","post","type-post","status-publish","format-standard","has-post-thumbnail","hentry","category-grantrujillo"],"_links":{"self":[{"href":"https:\/\/ciudadtrujillo.com\/index.php?rest_route=\/wp\/v2\/posts\/28118","targetHints":{"allow":["GET"]}}],"collection":[{"href":"https:\/\/ciudadtrujillo.com\/index.php?rest_route=\/wp\/v2\/posts"}],"about":[{"href":"https:\/\/ciudadtrujillo.com\/index.php?rest_route=\/wp\/v2\/types\/post"}],"author":[{"embeddable":true,"href":"https:\/\/ciudadtrujillo.com\/index.php?rest_route=\/wp\/v2\/users\/1"}],"replies":[{"embeddable":true,"href":"https:\/\/ciudadtrujillo.com\/index.php?rest_route=%2Fwp%2Fv2%2Fcomments&post=28118"}],"version-history":[{"count":1,"href":"https:\/\/ciudadtrujillo.com\/index.php?rest_route=\/wp\/v2\/posts\/28118\/revisions"}],"predecessor-version":[{"id":28120,"href":"https:\/\/ciudadtrujillo.com\/index.php?rest_route=\/wp\/v2\/posts\/28118\/revisions\/28120"}],"wp:featuredmedia":[{"embeddable":true,"href":"https:\/\/ciudadtrujillo.com\/index.php?rest_route=\/wp\/v2\/media\/28119"}],"wp:attachment":[{"href":"https:\/\/ciudadtrujillo.com\/index.php?rest_route=%2Fwp%2Fv2%2Fmedia&parent=28118"}],"wp:term":[{"taxonomy":"category","embeddable":true,"href":"https:\/\/ciudadtrujillo.com\/index.php?rest_route=%2Fwp%2Fv2%2Fcategories&post=28118"},{"taxonomy":"post_tag","embeddable":true,"href":"https:\/\/ciudadtrujillo.com\/index.php?rest_route=%2Fwp%2Fv2%2Ftags&post=28118"}],"curies":[{"name":"wp","href":"https:\/\/api.w.org\/{rel}","templated":true}]}}