{"id":28093,"date":"2023-05-29T20:08:32","date_gmt":"2023-05-30T00:08:32","guid":{"rendered":"http:\/\/ciudadtrujillo.com\/?p=28093"},"modified":"2023-05-29T20:08:32","modified_gmt":"2023-05-30T00:08:32","slug":"jefe-de-estado-denuncia-feroz-agresion-imperialista-en-visita-oficial-a-brasil","status":"publish","type":"post","link":"https:\/\/ciudadtrujillo.com\/?p=28093","title":{"rendered":"Jefe de Estado denuncia feroz agresi\u00f3n imperialista en visita oficial a Brasil"},"content":{"rendered":"<p style=\"text-align: justify;\">El presidente de la Rep\u00fablica Bolivariana de Venezuela, Nicol\u00e1s Maduro Moros, denunci\u00f3 en su visita oficial a Brasil, despu\u00e9s de ocho a\u00f1os de relaciones diplom\u00e1ticas suspendidas, que \u201cVenezuela ha sido v\u00edctima de una campa\u00f1a imperialista feroz por medios tradicionales y por las redes sociales\u201d.<\/p>\n<p style=\"text-align: justify;\">\u201cEsta campa\u00f1a se desarroll\u00f3 conjuntamente con la agresi\u00f3n econ\u00f3mica, pol\u00edtica, amenazas de diversos signos, sanciones coercitivas y unilaterales, que fueron encaden\u00e1ndose una detr\u00e1s de otra, incluyendo intentos de magnicidios, intentos de imponer autoridades paralelas en nuestro pa\u00eds, con el fin de llevarnos a una guerra civil\u201d, precis\u00f3.<\/p>\n<p style=\"text-align: justify;\">Cabe destacar que las relaciones comerciales y diplom\u00e1ticas estuvieron paralizadas por ese tiempo, despu\u00e9s del triunfo de los Gobiernos de derecha de Michel Tener y Jair Bolsonaro.<\/p>\n<p style=\"text-align: justify;\">En esta oportunidad, una vez que el presidente Lula Da Silva gan\u00f3 la presidencia del Brasil y asumi\u00f3 la direcci\u00f3n del gobierno, el presidente Nicol\u00e1s Maduro reanud\u00f3 las relaciones bilaterales.<\/p>\n<p style=\"text-align: justify;\">En esta primera visita oficial, el jefe del Ejecutivo, adem\u00e1s de celebrar la reanudaci\u00f3n de las relaciones comerciales y econ\u00f3micas entre ambas naciones hermanas, enumer\u00f3 una gran cantidad de amenazas directas de invasi\u00f3n militar desde la Casa Blanca, por parte del Pent\u00e1gono, el Comando Sur, e intento de invasi\u00f3n entrenado y financiado en Colombia, afortunadamente, neutralizado a tiempo y con efectividad por la Fuerza Armada Nacional Bolivariana (FANB), en uni\u00f3n c\u00edvico militar, en el a\u00f1o 2020.<\/p>\n<p style=\"text-align: justify;\">Tambi\u00e9n, se\u00f1al\u00f3 el presidente Maduro, en el encuentro entre ambos mandatarios, que \u201ctodas estas agresiones pol\u00edticas, diplom\u00e1ticas, econ\u00f3micas y financiera-comercial, estuvieron acompa\u00f1adas por una agresi\u00f3n medi\u00e1tica que impuso una narrativa a nivel mundial, que sosten\u00eda la tesis de que Venezuela era un estado no democr\u00e1tico, acompa\u00f1ada de otras mentiras m\u00e1s. Adem\u00e1s, de la campa\u00f1a de invisibilizaci\u00f3n de todas las cosas buenas que suceden en nuestra patria\u201d.<\/p>\n<p style=\"text-align: justify;\">Finalmente, destac\u00f3 el jefe del Ejecutivo, que \u201ctoda esta tortura contra nuestro pueblo gener\u00f3 una nueva conciencia nacional de amor a Venezuela. Hoy el pa\u00eds es otro, trabajadores, empresarios, las clases sociales tienen un sentido de pertenencia que no se ten\u00eda hace 15 a\u00f1os. El pa\u00eds entero se ech\u00f3 al hombro las dificultades para bregar, trabajar y salir adelante\u201d.<\/p>\n<p style=\"text-align: justify;\">\n<p>&nbsp;<\/p>\n<p>&nbsp;<\/p>\n<h6>VTV\/Gr\u00e1ficas: Cortes\u00eda<\/h6>\n","protected":false},"excerpt":{"rendered":"<p>El presidente de la Rep\u00fablica Bolivariana de Venezuela, Nicol\u00e1s Maduro Moros, denunci\u00f3 en su visita oficial a Brasil, despu\u00e9s de ocho a\u00f1os de relaciones diplom\u00e1ticas suspendidas, que \u201cVenezuela ha sido&hellip; <\/p>\n","protected":false},"author":1,"featured_media":28094,"comment_status":"closed","ping_status":"closed","sticky":false,"template":"","format":"standard","meta":{"footnotes":""},"categories":[41],"tags":[],"class_list":["post-28093","post","type-post","status-publish","format-standard","has-post-thumbnail","hentry","category-pais"],"_links":{"self":[{"href":"https:\/\/ciudadtrujillo.com\/index.php?rest_route=\/wp\/v2\/posts\/28093","targetHints":{"allow":["GET"]}}],"collection":[{"href":"https:\/\/ciudadtrujillo.com\/index.php?rest_route=\/wp\/v2\/posts"}],"about":[{"href":"https:\/\/ciudadtrujillo.com\/index.php?rest_route=\/wp\/v2\/types\/post"}],"author":[{"embeddable":true,"href":"https:\/\/ciudadtrujillo.com\/index.php?rest_route=\/wp\/v2\/users\/1"}],"replies":[{"embeddable":true,"href":"https:\/\/ciudadtrujillo.com\/index.php?rest_route=%2Fwp%2Fv2%2Fcomments&post=28093"}],"version-history":[{"count":1,"href":"https:\/\/ciudadtrujillo.com\/index.php?rest_route=\/wp\/v2\/posts\/28093\/revisions"}],"predecessor-version":[{"id":28095,"href":"https:\/\/ciudadtrujillo.com\/index.php?rest_route=\/wp\/v2\/posts\/28093\/revisions\/28095"}],"wp:featuredmedia":[{"embeddable":true,"href":"https:\/\/ciudadtrujillo.com\/index.php?rest_route=\/wp\/v2\/media\/28094"}],"wp:attachment":[{"href":"https:\/\/ciudadtrujillo.com\/index.php?rest_route=%2Fwp%2Fv2%2Fmedia&parent=28093"}],"wp:term":[{"taxonomy":"category","embeddable":true,"href":"https:\/\/ciudadtrujillo.com\/index.php?rest_route=%2Fwp%2Fv2%2Fcategories&post=28093"},{"taxonomy":"post_tag","embeddable":true,"href":"https:\/\/ciudadtrujillo.com\/index.php?rest_route=%2Fwp%2Fv2%2Ftags&post=28093"}],"curies":[{"name":"wp","href":"https:\/\/api.w.org\/{rel}","templated":true}]}}