{"id":28077,"date":"2023-05-28T22:06:18","date_gmt":"2023-05-29T02:06:18","guid":{"rendered":"http:\/\/ciudadtrujillo.com\/?p=28077"},"modified":"2023-05-28T22:06:18","modified_gmt":"2023-05-29T02:06:18","slug":"policia-del-estado-promueve-formacion-con-ejercicios-tacticos","status":"publish","type":"post","link":"https:\/\/ciudadtrujillo.com\/?p=28077","title":{"rendered":"Polic\u00eda del estado promueve formaci\u00f3n con ejercicios t\u00e1cticos"},"content":{"rendered":"<p style=\"text-align: justify;\">Como parte del Plan de Estudio de la Universidad Nacional Experimental de la Seguridad (Unes), se llev\u00f3 a cabo la marcha t\u00e1ctica y pasaje de cancha de obst\u00e1culos de los estudiantes de la Escuela de Polic\u00eda del estado Trujillo (Espotru) y oficiales de diferentes Centros de Coordinaci\u00f3n Policial, en aras de promover su formaci\u00f3n en cumplimiento con los lineamientos del gobernador My. Gerardo M\u00e1rquez.<\/p>\n<p style=\"text-align: justify;\">La actividad se desarroll\u00f3 en las instalaciones del Campo de Adiestramiento \u00abTres Matas\u00bb del municipio Jos\u00e9 Felipe M\u00e1rquez Ca\u00f1izales, la cual fue presidida por el Comandante de la Zona Operativa de Defensa Integral (Zodi) Trujillo, G\/D C\u00e9sar Febres Cabello, en compa\u00f1\u00eda del Comandante del Cuerpo de Polic\u00eda del estado Trujillo (CPET), My. Yelffry Adames y el Cuerpo de Generales que hacen vida en la jurisdicci\u00f3n de la entidad.<\/p>\n<p style=\"text-align: justify;\">Cabe mencionar que los ejercicios de adiestramiento se impulsan para fortalecer la formaci\u00f3n policial de los j\u00f3venes que ser\u00e1n garantes de la seguridad de los trujillanos y velar\u00e1n por la paz de nuestra Patria.<\/p>\n<p>&nbsp;<\/p>\n<p>&nbsp;<\/p>\n<h6>Yarlenis Albarr\u00e1n\/Gr\u00e1ficas: Cortes\u00eda<\/h6>\n","protected":false},"excerpt":{"rendered":"<p>Como parte del Plan de Estudio de la Universidad Nacional Experimental de la Seguridad (Unes), se llev\u00f3 a cabo la marcha t\u00e1ctica y pasaje de cancha de obst\u00e1culos de los&hellip; <\/p>\n","protected":false},"author":1,"featured_media":0,"comment_status":"closed","ping_status":"closed","sticky":false,"template":"","format":"standard","meta":{"footnotes":""},"categories":[40],"tags":[],"class_list":["post-28077","post","type-post","status-publish","format-standard","hentry","category-grantrujillo"],"_links":{"self":[{"href":"https:\/\/ciudadtrujillo.com\/index.php?rest_route=\/wp\/v2\/posts\/28077","targetHints":{"allow":["GET"]}}],"collection":[{"href":"https:\/\/ciudadtrujillo.com\/index.php?rest_route=\/wp\/v2\/posts"}],"about":[{"href":"https:\/\/ciudadtrujillo.com\/index.php?rest_route=\/wp\/v2\/types\/post"}],"author":[{"embeddable":true,"href":"https:\/\/ciudadtrujillo.com\/index.php?rest_route=\/wp\/v2\/users\/1"}],"replies":[{"embeddable":true,"href":"https:\/\/ciudadtrujillo.com\/index.php?rest_route=%2Fwp%2Fv2%2Fcomments&post=28077"}],"version-history":[{"count":1,"href":"https:\/\/ciudadtrujillo.com\/index.php?rest_route=\/wp\/v2\/posts\/28077\/revisions"}],"predecessor-version":[{"id":28079,"href":"https:\/\/ciudadtrujillo.com\/index.php?rest_route=\/wp\/v2\/posts\/28077\/revisions\/28079"}],"wp:attachment":[{"href":"https:\/\/ciudadtrujillo.com\/index.php?rest_route=%2Fwp%2Fv2%2Fmedia&parent=28077"}],"wp:term":[{"taxonomy":"category","embeddable":true,"href":"https:\/\/ciudadtrujillo.com\/index.php?rest_route=%2Fwp%2Fv2%2Fcategories&post=28077"},{"taxonomy":"post_tag","embeddable":true,"href":"https:\/\/ciudadtrujillo.com\/index.php?rest_route=%2Fwp%2Fv2%2Ftags&post=28077"}],"curies":[{"name":"wp","href":"https:\/\/api.w.org\/{rel}","templated":true}]}}