{"id":28040,"date":"2023-05-25T23:18:48","date_gmt":"2023-05-26T03:18:48","guid":{"rendered":"http:\/\/ciudadtrujillo.com\/?p=28040"},"modified":"2023-05-25T23:18:48","modified_gmt":"2023-05-26T03:18:48","slug":"proteccion-civil-se-mantiene-alerta-ante-las-lluvias","status":"publish","type":"post","link":"https:\/\/ciudadtrujillo.com\/?p=28040","title":{"rendered":"Protecci\u00f3n Civil se mantiene alerta ante las lluvias"},"content":{"rendered":"<p style=\"text-align: justify;\">El equipo del Sistema Integrado de Gesti\u00f3n de Riesgo del estado Trujillo permanece alerta y prevenido tras el paso de la vaguada por el territorio nacional que ha originado lluvias en diversas zonas de la entidad, adem\u00e1s contin\u00faa atento al reporte del Instituto Nacional de Meteorolog\u00eda e Hidrolog\u00eda (Inameh), el cual establec\u00eda para este jueves la Zona de Convergencia Intertropical muy activa y reforzada por divergencia del viento en la altura que genera abundante nubosidad con lluvias o chubascos, actividad el\u00e9ctrica y eventuales r\u00e1fagas de viento en \u00e1reas del estado Zulia, Centro Occidente, Centro Norte Costero, Los Andes, Llanos Occidentales y Centrales, Amazonas, Bol\u00edvar y El Esequibo.<\/p>\n<p style=\"text-align: justify;\">Asimismo, desde la Sala Situacional de Protecci\u00f3n Civil y Administraci\u00f3n de Desastres (Pcad) se mantiene el monitoreo permanente a las zonas vulnerables para dar respuesta inmediata en caso de presentarse alguna eventualidad producto de las lluvias, que se estima perduren desde mayo a noviembre de este a\u00f1o.<\/p>\n<p style=\"text-align: justify;\">Hasta ahora las afectaciones se mantienen en la vialidad del municipio Monte Carmelo donde permanece la maquinaria del Gobierno Bolivariano de Trujillo haciendo la remoci\u00f3n de escombros y sedimentos y los trabajos pertinentes a fin de recuperar los espacios.<\/p>\n<p style=\"text-align: justify;\">El jefe de la Zona de Evaluaci\u00f3n de Da\u00f1os y An\u00e1lisis de Necesidades (Zoedan) Trujillo y director estadal de Pcad, C\u00e9sar Fern\u00e1ndez, inform\u00f3 la evaluaci\u00f3n a los afluentes h\u00eddricos por parte de los funcionarios de las direcciones municipales y la direcci\u00f3n estadal para dar la alerta temprana.<\/p>\n<p style=\"text-align: justify;\">De igual manera, el funcionario reiter\u00f3 los n\u00fameros de emergencia para el reporte de novedades por lluvias, 0800 TRUJILL (8785455) y el Ven 911, al tiempo en que inst\u00f3 a la colectividad a mantenerse informados a trav\u00e9s de los medios oficiales sobre la situaci\u00f3n climatol\u00f3gica.<\/p>\n<p>&nbsp;<\/p>\n<p>&nbsp;<\/p>\n<h6>Prensa Protecci\u00f3n Civil\/Yelitza Gil\/Gr\u00e1fica: Cortes\u00eda<\/h6>\n","protected":false},"excerpt":{"rendered":"<p>El equipo del Sistema Integrado de Gesti\u00f3n de Riesgo del estado Trujillo permanece alerta y prevenido tras el paso de la vaguada por el territorio nacional que ha originado lluvias&hellip; <\/p>\n","protected":false},"author":1,"featured_media":28041,"comment_status":"closed","ping_status":"closed","sticky":false,"template":"","format":"standard","meta":{"footnotes":""},"categories":[40],"tags":[],"class_list":["post-28040","post","type-post","status-publish","format-standard","has-post-thumbnail","hentry","category-grantrujillo"],"_links":{"self":[{"href":"https:\/\/ciudadtrujillo.com\/index.php?rest_route=\/wp\/v2\/posts\/28040","targetHints":{"allow":["GET"]}}],"collection":[{"href":"https:\/\/ciudadtrujillo.com\/index.php?rest_route=\/wp\/v2\/posts"}],"about":[{"href":"https:\/\/ciudadtrujillo.com\/index.php?rest_route=\/wp\/v2\/types\/post"}],"author":[{"embeddable":true,"href":"https:\/\/ciudadtrujillo.com\/index.php?rest_route=\/wp\/v2\/users\/1"}],"replies":[{"embeddable":true,"href":"https:\/\/ciudadtrujillo.com\/index.php?rest_route=%2Fwp%2Fv2%2Fcomments&post=28040"}],"version-history":[{"count":1,"href":"https:\/\/ciudadtrujillo.com\/index.php?rest_route=\/wp\/v2\/posts\/28040\/revisions"}],"predecessor-version":[{"id":28042,"href":"https:\/\/ciudadtrujillo.com\/index.php?rest_route=\/wp\/v2\/posts\/28040\/revisions\/28042"}],"wp:featuredmedia":[{"embeddable":true,"href":"https:\/\/ciudadtrujillo.com\/index.php?rest_route=\/wp\/v2\/media\/28041"}],"wp:attachment":[{"href":"https:\/\/ciudadtrujillo.com\/index.php?rest_route=%2Fwp%2Fv2%2Fmedia&parent=28040"}],"wp:term":[{"taxonomy":"category","embeddable":true,"href":"https:\/\/ciudadtrujillo.com\/index.php?rest_route=%2Fwp%2Fv2%2Fcategories&post=28040"},{"taxonomy":"post_tag","embeddable":true,"href":"https:\/\/ciudadtrujillo.com\/index.php?rest_route=%2Fwp%2Fv2%2Ftags&post=28040"}],"curies":[{"name":"wp","href":"https:\/\/api.w.org\/{rel}","templated":true}]}}