{"id":28009,"date":"2023-05-24T16:37:01","date_gmt":"2023-05-24T20:37:01","guid":{"rendered":"http:\/\/ciudadtrujillo.com\/?p=28009"},"modified":"2023-05-24T16:37:01","modified_gmt":"2023-05-24T20:37:01","slug":"en-marcha-repavimentacion-de-la-via-agua-viva-el-encanto","status":"publish","type":"post","link":"https:\/\/ciudadtrujillo.com\/?p=28009","title":{"rendered":"En marcha repavimentaci\u00f3n de la v\u00eda Agua Viva \u2013 El Encanto"},"content":{"rendered":"<p style=\"text-align: justify;\">El gobernador de Trujillo, Gerardo M\u00e1rquez, en compa\u00f1\u00eda del equipo de Infraestructura del ejecutivo regional, supervis\u00f3 la recuperaci\u00f3n de la v\u00eda Agua Viva \u2013 El Encanto, que comprende alrededor de 100 kil\u00f3metros, cuyos trabajos que se ejecutan desde el mes de abril han rehabilitado cerca de 11 fallas de borde y proyecta el bacheo general, demarcaci\u00f3n y colocaci\u00f3n de ojos de gato.<\/p>\n<p style=\"text-align: justify;\">M\u00e1rquez agradeci\u00f3 el apoyo del Presidente Nicol\u00e1s Maduro, la vicepresidenta Delcy Rodr\u00edguez, del Ministerio del Poder Popular para Obras P\u00fablicas y el Ministerio del Poder Popular para el Transporte.<\/p>\n<p style=\"text-align: justify;\">Destac\u00f3 que se ha laborado desde Motat\u00e1n hasta Agua Viva y ahora en el tramo antes se\u00f1alado para terminar la Troncal que lleva al estado Zulia. Detall\u00f3 que faltan por concluir dos trabajos importantes en el sector Las Termas. \u201cCalculamos que en un par de meses esta v\u00eda estar\u00e1 pavimentada para ponerla al servicio de todos los usuarios sobre todo porque es muy importante pues transita una gran cantidad de frutas y verduras que van al centro del pa\u00eds\u201d, coment\u00f3.<\/p>\n<p style=\"text-align: justify;\">\n<p>&nbsp;<\/p>\n<p>&nbsp;<\/p>\n<h6>Eliph Catalina Fern\u00e1ndez\/Gr\u00e1ficas: Fernando Chuecos<\/h6>\n","protected":false},"excerpt":{"rendered":"<p>El gobernador de Trujillo, Gerardo M\u00e1rquez, en compa\u00f1\u00eda del equipo de Infraestructura del ejecutivo regional, supervis\u00f3 la recuperaci\u00f3n de la v\u00eda Agua Viva \u2013 El Encanto, que comprende alrededor de&hellip; <\/p>\n","protected":false},"author":1,"featured_media":28010,"comment_status":"closed","ping_status":"closed","sticky":false,"template":"","format":"standard","meta":{"footnotes":""},"categories":[52,40],"tags":[],"class_list":["post-28009","post","type-post","status-publish","format-standard","has-post-thumbnail","hentry","category-destacadas","category-grantrujillo"],"_links":{"self":[{"href":"https:\/\/ciudadtrujillo.com\/index.php?rest_route=\/wp\/v2\/posts\/28009","targetHints":{"allow":["GET"]}}],"collection":[{"href":"https:\/\/ciudadtrujillo.com\/index.php?rest_route=\/wp\/v2\/posts"}],"about":[{"href":"https:\/\/ciudadtrujillo.com\/index.php?rest_route=\/wp\/v2\/types\/post"}],"author":[{"embeddable":true,"href":"https:\/\/ciudadtrujillo.com\/index.php?rest_route=\/wp\/v2\/users\/1"}],"replies":[{"embeddable":true,"href":"https:\/\/ciudadtrujillo.com\/index.php?rest_route=%2Fwp%2Fv2%2Fcomments&post=28009"}],"version-history":[{"count":1,"href":"https:\/\/ciudadtrujillo.com\/index.php?rest_route=\/wp\/v2\/posts\/28009\/revisions"}],"predecessor-version":[{"id":28011,"href":"https:\/\/ciudadtrujillo.com\/index.php?rest_route=\/wp\/v2\/posts\/28009\/revisions\/28011"}],"wp:featuredmedia":[{"embeddable":true,"href":"https:\/\/ciudadtrujillo.com\/index.php?rest_route=\/wp\/v2\/media\/28010"}],"wp:attachment":[{"href":"https:\/\/ciudadtrujillo.com\/index.php?rest_route=%2Fwp%2Fv2%2Fmedia&parent=28009"}],"wp:term":[{"taxonomy":"category","embeddable":true,"href":"https:\/\/ciudadtrujillo.com\/index.php?rest_route=%2Fwp%2Fv2%2Fcategories&post=28009"},{"taxonomy":"post_tag","embeddable":true,"href":"https:\/\/ciudadtrujillo.com\/index.php?rest_route=%2Fwp%2Fv2%2Ftags&post=28009"}],"curies":[{"name":"wp","href":"https:\/\/api.w.org\/{rel}","templated":true}]}}