{"id":28006,"date":"2023-05-24T16:34:03","date_gmt":"2023-05-24T20:34:03","guid":{"rendered":"http:\/\/ciudadtrujillo.com\/?p=28006"},"modified":"2023-05-24T16:34:03","modified_gmt":"2023-05-24T20:34:03","slug":"gobierno-regional-anunciara-plan-especial-para-atender-el-abastecimiento-de-combustible-y-gas-en-trujillo","status":"publish","type":"post","link":"https:\/\/ciudadtrujillo.com\/?p=28006","title":{"rendered":"Gobierno regional anunciar\u00e1 plan especial para atender el abastecimiento de combustible y gas en Trujillo"},"content":{"rendered":"<p style=\"text-align: justify;\">El gobernador de Trujillo, Gerardo M\u00e1rquez, anunci\u00f3 que se ha elaborado un plan especial para atender el abastecimiento de combustible y la distribuci\u00f3n de gas dom\u00e9stico en el estado.<\/p>\n<p style=\"text-align: justify;\">\u00abQuiero dirigirme nuevamente al pueblo de Trujillo para informar que he sostenido reuniones permanentes con el equipo de Pdvsa Occidente que envi\u00f3 nuestro Presidente Nicol\u00e1s Maduro y el ministro del petr\u00f3leo, Pedro Tellechea, al estado Trujillo\u00bb, dijo M\u00e1rquez en un audio que fue difundido este mi\u00e9rcoles a trav\u00e9s de las redes sociales.<\/p>\n<p style=\"text-align: justify;\">En relaci\u00f3n al plan que se aplicar\u00e1, detall\u00f3 que se anunciar\u00e1 en las pr\u00f3ximas horas y que tambi\u00e9n \u00abestamos elaborando otro plan para saturar de gas al estado Trujillo, haciendo un esfuerzo en el tema del despacho para las parroquias m\u00e1s lejanas del estado\u00bb, coment\u00f3.<\/p>\n<p>&nbsp;<\/p>\n<p>&nbsp;<\/p>\n<h6>Eliph Catalina Fern\u00e1ndez\/Gr\u00e1ficas: Archivo<\/h6>\n","protected":false},"excerpt":{"rendered":"<p>El gobernador de Trujillo, Gerardo M\u00e1rquez, anunci\u00f3 que se ha elaborado un plan especial para atender el abastecimiento de combustible y la distribuci\u00f3n de gas dom\u00e9stico en el estado. \u00abQuiero&hellip; <\/p>\n","protected":false},"author":1,"featured_media":28007,"comment_status":"closed","ping_status":"closed","sticky":false,"template":"","format":"standard","meta":{"footnotes":""},"categories":[40],"tags":[],"class_list":["post-28006","post","type-post","status-publish","format-standard","has-post-thumbnail","hentry","category-grantrujillo"],"_links":{"self":[{"href":"https:\/\/ciudadtrujillo.com\/index.php?rest_route=\/wp\/v2\/posts\/28006","targetHints":{"allow":["GET"]}}],"collection":[{"href":"https:\/\/ciudadtrujillo.com\/index.php?rest_route=\/wp\/v2\/posts"}],"about":[{"href":"https:\/\/ciudadtrujillo.com\/index.php?rest_route=\/wp\/v2\/types\/post"}],"author":[{"embeddable":true,"href":"https:\/\/ciudadtrujillo.com\/index.php?rest_route=\/wp\/v2\/users\/1"}],"replies":[{"embeddable":true,"href":"https:\/\/ciudadtrujillo.com\/index.php?rest_route=%2Fwp%2Fv2%2Fcomments&post=28006"}],"version-history":[{"count":1,"href":"https:\/\/ciudadtrujillo.com\/index.php?rest_route=\/wp\/v2\/posts\/28006\/revisions"}],"predecessor-version":[{"id":28008,"href":"https:\/\/ciudadtrujillo.com\/index.php?rest_route=\/wp\/v2\/posts\/28006\/revisions\/28008"}],"wp:featuredmedia":[{"embeddable":true,"href":"https:\/\/ciudadtrujillo.com\/index.php?rest_route=\/wp\/v2\/media\/28007"}],"wp:attachment":[{"href":"https:\/\/ciudadtrujillo.com\/index.php?rest_route=%2Fwp%2Fv2%2Fmedia&parent=28006"}],"wp:term":[{"taxonomy":"category","embeddable":true,"href":"https:\/\/ciudadtrujillo.com\/index.php?rest_route=%2Fwp%2Fv2%2Fcategories&post=28006"},{"taxonomy":"post_tag","embeddable":true,"href":"https:\/\/ciudadtrujillo.com\/index.php?rest_route=%2Fwp%2Fv2%2Ftags&post=28006"}],"curies":[{"name":"wp","href":"https:\/\/api.w.org\/{rel}","templated":true}]}}