{"id":28003,"date":"2023-05-24T16:31:18","date_gmt":"2023-05-24T20:31:18","guid":{"rendered":"http:\/\/ciudadtrujillo.com\/?p=28003"},"modified":"2023-05-24T16:31:18","modified_gmt":"2023-05-24T20:31:18","slug":"valera-lidera-juegos-deportivos-estudiantiles-2023-al-conquistar-30-medallas","status":"publish","type":"post","link":"https:\/\/ciudadtrujillo.com\/?p=28003","title":{"rendered":"Valera lidera Juegos Deportivos Estudiantiles 2023 al conquistar 30 medallas"},"content":{"rendered":"<p style=\"text-align: justify;\">El Complejo Deportivo \u00abLuis Loreto Lira\u00bb ha sido escenario para el desarrollo de los Juegos Deportivos Estudiantiles 2023, en su fase estadal, en los cuales el municipio Valera ha destacado con su participaci\u00f3n al obtener 18 preseas de oro, nueve de plata y tres de bronce, para un total de 30 medallas.<\/p>\n<p style=\"text-align: justify;\">Las disciplinas que se han realizado durante los juegos son: voleibol, karate do, taekwondo, algunas categor\u00edas de atletismo, adem\u00e1s se incluir\u00e1n categor\u00edas como f\u00fatbol sala, baloncesto 3&#215;3 y 5&#215;5, y b\u00e9isbol five.<\/p>\n<p style=\"text-align: justify;\">En este sentido, durante el segundo d\u00eda de competencias de la disciplina de voleibol, categor\u00edas femenino y masculino, participaron cinco municipios : Bocon\u00f3, Escuque, Motat\u00e1n, Trujillo y Valera.<\/p>\n<p style=\"text-align: justify;\">Asimismo, en Gimnasio Cubierto \u00abN\u00e9stor Rosales\u00bb se desarollaron las competencias de la disciplina de Karate Do, en las categor\u00edas femenino y masculino, en el cual participaron los municipios Bocon\u00f3, San Rafael de Carvajal y Valera, con 17 atletas en total.<\/p>\n<p style=\"text-align: justify;\">Es importante resaltar que los juegos en la disciplina de Kikimbol se han desarrollado en el estado del MTC de la parroquia San Luis.<\/p>\n<p style=\"text-align: justify;\">Cabe mencionar que en los juegos participan los 20 municipios del estado, como parte del impulso en el deporte que ha orientado el gobernador Gerardo M\u00e1rquez.<\/p>\n<p>&nbsp;<\/p>\n<p>&nbsp;<\/p>\n<h6>Yarlenis Albarr\u00e1n\/Gr\u00e1fica: Cortes\u00eda<\/h6>\n","protected":false},"excerpt":{"rendered":"<p>El Complejo Deportivo \u00abLuis Loreto Lira\u00bb ha sido escenario para el desarrollo de los Juegos Deportivos Estudiantiles 2023, en su fase estadal, en los cuales el municipio Valera ha destacado&hellip; <\/p>\n","protected":false},"author":1,"featured_media":28004,"comment_status":"closed","ping_status":"closed","sticky":false,"template":"","format":"standard","meta":{"footnotes":""},"categories":[40],"tags":[],"class_list":["post-28003","post","type-post","status-publish","format-standard","has-post-thumbnail","hentry","category-grantrujillo"],"_links":{"self":[{"href":"https:\/\/ciudadtrujillo.com\/index.php?rest_route=\/wp\/v2\/posts\/28003","targetHints":{"allow":["GET"]}}],"collection":[{"href":"https:\/\/ciudadtrujillo.com\/index.php?rest_route=\/wp\/v2\/posts"}],"about":[{"href":"https:\/\/ciudadtrujillo.com\/index.php?rest_route=\/wp\/v2\/types\/post"}],"author":[{"embeddable":true,"href":"https:\/\/ciudadtrujillo.com\/index.php?rest_route=\/wp\/v2\/users\/1"}],"replies":[{"embeddable":true,"href":"https:\/\/ciudadtrujillo.com\/index.php?rest_route=%2Fwp%2Fv2%2Fcomments&post=28003"}],"version-history":[{"count":1,"href":"https:\/\/ciudadtrujillo.com\/index.php?rest_route=\/wp\/v2\/posts\/28003\/revisions"}],"predecessor-version":[{"id":28005,"href":"https:\/\/ciudadtrujillo.com\/index.php?rest_route=\/wp\/v2\/posts\/28003\/revisions\/28005"}],"wp:featuredmedia":[{"embeddable":true,"href":"https:\/\/ciudadtrujillo.com\/index.php?rest_route=\/wp\/v2\/media\/28004"}],"wp:attachment":[{"href":"https:\/\/ciudadtrujillo.com\/index.php?rest_route=%2Fwp%2Fv2%2Fmedia&parent=28003"}],"wp:term":[{"taxonomy":"category","embeddable":true,"href":"https:\/\/ciudadtrujillo.com\/index.php?rest_route=%2Fwp%2Fv2%2Fcategories&post=28003"},{"taxonomy":"post_tag","embeddable":true,"href":"https:\/\/ciudadtrujillo.com\/index.php?rest_route=%2Fwp%2Fv2%2Ftags&post=28003"}],"curies":[{"name":"wp","href":"https:\/\/api.w.org\/{rel}","templated":true}]}}