{"id":27971,"date":"2023-05-23T21:57:12","date_gmt":"2023-05-24T01:57:12","guid":{"rendered":"http:\/\/ciudadtrujillo.com\/?p=27971"},"modified":"2023-05-23T21:57:12","modified_gmt":"2023-05-24T01:57:12","slug":"recaudan-mas-de-mil-kilos-de-vidrio-en-jornada-de-reciclaje","status":"publish","type":"post","link":"https:\/\/ciudadtrujillo.com\/?p=27971","title":{"rendered":"Recaudan m\u00e1s de mil kilos de vidrio en jornada de reciclaje"},"content":{"rendered":"<p style=\"text-align: justify;\">En el marco de la reciente conmemoraci\u00f3n del D\u00eda Mundial del Reciclaje, la empresa Venezolana del Vidrio (Venvidrio), planta Valera, recolect\u00f3 1.123,10 kilogramos de este material, gracias al apoyo de diferentes empresarios y del gobierno local.<\/p>\n<p style=\"text-align: justify;\">Carlos Rivas, gerente de esta planta, detall\u00f3 que la finalidad es generar la cultura del reciclaje. En este sentido, fueron convocadas las comunidades, organismos p\u00fablicos, como la Alcald\u00eda de Valera, y empresas privadas organizadas, adem\u00e1s de recicladoras.<\/p>\n<p style=\"text-align: justify;\">Dicho material recolectado, especific\u00f3 Rivas, ser\u00e1 utilizado como materia prima en el proceso productivo.<\/p>\n<p style=\"text-align: justify;\">El presidente de Venvidrio, V\/A Henry Jim\u00e9nez Pe\u00f1a, public\u00f3 en sus redes sociales que estaba complacido por la jornada de recolecci\u00f3n de m\u00e1s de 1.123 kg de vidrio en la Planta Valera. \u00abComo parte del D\u00eda Mundial del Reciclaje \u267b\ufe0f. Gracias al gobierno local, trabajadores y comerciantes por sumarse a esta iniciativa\u00bb, poste\u00f3.<\/p>\n<p style=\"text-align: justify;\">Permanentemente en las plantas de Venvidrio, en Carabobo y Valera, reciben este material, tanto de personas naturales como de empresas, para contribuir a la conservaci\u00f3n del planeta.<\/p>\n<p>&nbsp;<\/p>\n<p>&nbsp;<\/p>\n<h6>Eliph Catalina Fern\u00e1ndez\/Gr\u00e1ficas: Cortes\u00eda<\/h6>\n","protected":false},"excerpt":{"rendered":"<p>En el marco de la reciente conmemoraci\u00f3n del D\u00eda Mundial del Reciclaje, la empresa Venezolana del Vidrio (Venvidrio), planta Valera, recolect\u00f3 1.123,10 kilogramos de este material, gracias al apoyo de&hellip; <\/p>\n","protected":false},"author":1,"featured_media":27972,"comment_status":"closed","ping_status":"closed","sticky":false,"template":"","format":"standard","meta":{"footnotes":""},"categories":[40],"tags":[],"class_list":["post-27971","post","type-post","status-publish","format-standard","has-post-thumbnail","hentry","category-grantrujillo"],"_links":{"self":[{"href":"https:\/\/ciudadtrujillo.com\/index.php?rest_route=\/wp\/v2\/posts\/27971","targetHints":{"allow":["GET"]}}],"collection":[{"href":"https:\/\/ciudadtrujillo.com\/index.php?rest_route=\/wp\/v2\/posts"}],"about":[{"href":"https:\/\/ciudadtrujillo.com\/index.php?rest_route=\/wp\/v2\/types\/post"}],"author":[{"embeddable":true,"href":"https:\/\/ciudadtrujillo.com\/index.php?rest_route=\/wp\/v2\/users\/1"}],"replies":[{"embeddable":true,"href":"https:\/\/ciudadtrujillo.com\/index.php?rest_route=%2Fwp%2Fv2%2Fcomments&post=27971"}],"version-history":[{"count":1,"href":"https:\/\/ciudadtrujillo.com\/index.php?rest_route=\/wp\/v2\/posts\/27971\/revisions"}],"predecessor-version":[{"id":27973,"href":"https:\/\/ciudadtrujillo.com\/index.php?rest_route=\/wp\/v2\/posts\/27971\/revisions\/27973"}],"wp:featuredmedia":[{"embeddable":true,"href":"https:\/\/ciudadtrujillo.com\/index.php?rest_route=\/wp\/v2\/media\/27972"}],"wp:attachment":[{"href":"https:\/\/ciudadtrujillo.com\/index.php?rest_route=%2Fwp%2Fv2%2Fmedia&parent=27971"}],"wp:term":[{"taxonomy":"category","embeddable":true,"href":"https:\/\/ciudadtrujillo.com\/index.php?rest_route=%2Fwp%2Fv2%2Fcategories&post=27971"},{"taxonomy":"post_tag","embeddable":true,"href":"https:\/\/ciudadtrujillo.com\/index.php?rest_route=%2Fwp%2Fv2%2Ftags&post=27971"}],"curies":[{"name":"wp","href":"https:\/\/api.w.org\/{rel}","templated":true}]}}