{"id":27968,"date":"2023-05-23T21:54:24","date_gmt":"2023-05-24T01:54:24","guid":{"rendered":"http:\/\/ciudadtrujillo.com\/?p=27968"},"modified":"2023-05-23T21:54:24","modified_gmt":"2023-05-24T01:54:24","slug":"cpet-detiene-en-flagrancia-a-ocho-sujetos-por-hurto-de-alimentos-a-la-empresa-distal","status":"publish","type":"post","link":"https:\/\/ciudadtrujillo.com\/?p=27968","title":{"rendered":"CPET detiene en flagrancia a ocho sujetos por hurto de alimentos a la empresa Distal"},"content":{"rendered":"<p style=\"text-align: justify;\">En el marco de los operativos que se realizan en el estado, orientados por el gobernador My. Gerardo M\u00e1rquez y el director del Cuerpo de Polic\u00eda de Trujillo (CPET), My. Yelffry Adames, funcionarios de este organismo de seguridad efectuaron la aprehensi\u00f3n de ocho sujetos por el delito de hurto de alimentos, los mismos fueron sorprendidos desviando 55 bolsas Clap pertenecientes a los dep\u00f3sitos de la Empresa Distribuidora Trujillana de Alimentos (Distal).<\/p>\n<p style=\"text-align: justify;\">La detenci\u00f3n se realiz\u00f3 tras un trabajo de investigaci\u00f3n de campo, ya que estos ciudadanos ven\u00edan sustrayendo, en reiteradas oportunidades, bolsas Clap en similares cantidades, lo que estaba afectando la distribuci\u00f3n de las mismas, por lo cual se logr\u00f3 su captura en flagrancia en el sector Mor\u00f3n de la parroquia Mercedes D\u00edaz del municipio Valera. Los sujetos aprehendidos quedaron identificados como: Laguna, J.; Laguna, R.; Viera, Y.; Blanco, J.; Monte, A.; \u00c1vila, L.; Quintero, J. y Dur\u00e1n, C.<\/p>\n<p style=\"text-align: justify;\">El caso qued\u00f3 a orden de la Fiscal\u00eda de Flagrancia del Ministerio P\u00fablico del estado Trujillo por el delito de apropiaci\u00f3n o distracci\u00f3n del patrimonio p\u00fablico.<\/p>\n<p style=\"text-align: justify;\">Es importante resaltar que el Cuerpo de Polic\u00eda del estado Trujillo mantiene las acciones firmes contra las mafias dedicadas al desv\u00edo de alimentos que atentan contra la seguridad alimentaria del pueblo trujillano.<\/p>\n<p>&nbsp;<\/p>\n<p>&nbsp;<\/p>\n<h6>Prensa CPET\/Gr\u00e1ficas: cortes\u00eda<\/h6>\n","protected":false},"excerpt":{"rendered":"<p>En el marco de los operativos que se realizan en el estado, orientados por el gobernador My. Gerardo M\u00e1rquez y el director del Cuerpo de Polic\u00eda de Trujillo (CPET), My.&hellip; <\/p>\n","protected":false},"author":1,"featured_media":27969,"comment_status":"closed","ping_status":"closed","sticky":false,"template":"","format":"standard","meta":{"footnotes":""},"categories":[40],"tags":[],"class_list":["post-27968","post","type-post","status-publish","format-standard","has-post-thumbnail","hentry","category-grantrujillo"],"_links":{"self":[{"href":"https:\/\/ciudadtrujillo.com\/index.php?rest_route=\/wp\/v2\/posts\/27968","targetHints":{"allow":["GET"]}}],"collection":[{"href":"https:\/\/ciudadtrujillo.com\/index.php?rest_route=\/wp\/v2\/posts"}],"about":[{"href":"https:\/\/ciudadtrujillo.com\/index.php?rest_route=\/wp\/v2\/types\/post"}],"author":[{"embeddable":true,"href":"https:\/\/ciudadtrujillo.com\/index.php?rest_route=\/wp\/v2\/users\/1"}],"replies":[{"embeddable":true,"href":"https:\/\/ciudadtrujillo.com\/index.php?rest_route=%2Fwp%2Fv2%2Fcomments&post=27968"}],"version-history":[{"count":1,"href":"https:\/\/ciudadtrujillo.com\/index.php?rest_route=\/wp\/v2\/posts\/27968\/revisions"}],"predecessor-version":[{"id":27970,"href":"https:\/\/ciudadtrujillo.com\/index.php?rest_route=\/wp\/v2\/posts\/27968\/revisions\/27970"}],"wp:featuredmedia":[{"embeddable":true,"href":"https:\/\/ciudadtrujillo.com\/index.php?rest_route=\/wp\/v2\/media\/27969"}],"wp:attachment":[{"href":"https:\/\/ciudadtrujillo.com\/index.php?rest_route=%2Fwp%2Fv2%2Fmedia&parent=27968"}],"wp:term":[{"taxonomy":"category","embeddable":true,"href":"https:\/\/ciudadtrujillo.com\/index.php?rest_route=%2Fwp%2Fv2%2Fcategories&post=27968"},{"taxonomy":"post_tag","embeddable":true,"href":"https:\/\/ciudadtrujillo.com\/index.php?rest_route=%2Fwp%2Fv2%2Ftags&post=27968"}],"curies":[{"name":"wp","href":"https:\/\/api.w.org\/{rel}","templated":true}]}}