{"id":27965,"date":"2023-05-23T21:52:44","date_gmt":"2023-05-24T01:52:44","guid":{"rendered":"http:\/\/ciudadtrujillo.com\/?p=27965"},"modified":"2023-05-23T21:52:44","modified_gmt":"2023-05-24T01:52:44","slug":"fundasalud-recibe-medicamentos-para-programa-de-vih-sida-its","status":"publish","type":"post","link":"https:\/\/ciudadtrujillo.com\/?p=27965","title":{"rendered":"Fundasalud recibe medicamentos para Programa de VIH\/Sida\/ITS"},"content":{"rendered":"<p style=\"text-align: justify;\">Gracias a la gesti\u00f3n permanente del Presidente Nicol\u00e1s Maduro, a trav\u00e9s del Ministerio del Poder Popular para la Salud (Mpps), arribaron medicamentos antirretrovirales para pacientes en protocolo del Programa de VIH\/ Sida\/ ITS, adscrito a la Fundaci\u00f3n Trujillana de la Salud.<\/p>\n<p style=\"text-align: justify;\">Adicionalmente, llegaron pruebas confirmatorias de VIH, seg\u00fan inform\u00f3 la directora estadal del referido Programa, Yaneth Graterol.<\/p>\n<p style=\"text-align: justify;\">Cabe mencionar que la recepci\u00f3n de este cargamento estuvo a cargo de la directora estadal de Programas de Salud, Milagros Cadenas y la coordinadora estadal de VIH\/Sida\/ ITS.<\/p>\n<p>&nbsp;<\/p>\n<p>&nbsp;<\/p>\n<h6>Prensa Mpps\/Gr\u00e1fica: cortes\u00eda<\/h6>\n","protected":false},"excerpt":{"rendered":"<p>Gracias a la gesti\u00f3n permanente del Presidente Nicol\u00e1s Maduro, a trav\u00e9s del Ministerio del Poder Popular para la Salud (Mpps), arribaron medicamentos antirretrovirales para pacientes en protocolo del Programa de&hellip; <\/p>\n","protected":false},"author":1,"featured_media":27966,"comment_status":"closed","ping_status":"closed","sticky":false,"template":"","format":"standard","meta":{"footnotes":""},"categories":[40],"tags":[],"class_list":["post-27965","post","type-post","status-publish","format-standard","has-post-thumbnail","hentry","category-grantrujillo"],"_links":{"self":[{"href":"https:\/\/ciudadtrujillo.com\/index.php?rest_route=\/wp\/v2\/posts\/27965","targetHints":{"allow":["GET"]}}],"collection":[{"href":"https:\/\/ciudadtrujillo.com\/index.php?rest_route=\/wp\/v2\/posts"}],"about":[{"href":"https:\/\/ciudadtrujillo.com\/index.php?rest_route=\/wp\/v2\/types\/post"}],"author":[{"embeddable":true,"href":"https:\/\/ciudadtrujillo.com\/index.php?rest_route=\/wp\/v2\/users\/1"}],"replies":[{"embeddable":true,"href":"https:\/\/ciudadtrujillo.com\/index.php?rest_route=%2Fwp%2Fv2%2Fcomments&post=27965"}],"version-history":[{"count":1,"href":"https:\/\/ciudadtrujillo.com\/index.php?rest_route=\/wp\/v2\/posts\/27965\/revisions"}],"predecessor-version":[{"id":27967,"href":"https:\/\/ciudadtrujillo.com\/index.php?rest_route=\/wp\/v2\/posts\/27965\/revisions\/27967"}],"wp:featuredmedia":[{"embeddable":true,"href":"https:\/\/ciudadtrujillo.com\/index.php?rest_route=\/wp\/v2\/media\/27966"}],"wp:attachment":[{"href":"https:\/\/ciudadtrujillo.com\/index.php?rest_route=%2Fwp%2Fv2%2Fmedia&parent=27965"}],"wp:term":[{"taxonomy":"category","embeddable":true,"href":"https:\/\/ciudadtrujillo.com\/index.php?rest_route=%2Fwp%2Fv2%2Fcategories&post=27965"},{"taxonomy":"post_tag","embeddable":true,"href":"https:\/\/ciudadtrujillo.com\/index.php?rest_route=%2Fwp%2Fv2%2Ftags&post=27965"}],"curies":[{"name":"wp","href":"https:\/\/api.w.org\/{rel}","templated":true}]}}