{"id":27962,"date":"2023-05-23T21:50:55","date_gmt":"2023-05-24T01:50:55","guid":{"rendered":"http:\/\/ciudadtrujillo.com\/?p=27962"},"modified":"2023-05-23T21:50:55","modified_gmt":"2023-05-24T01:50:55","slug":"trujillo-gas-comunal-atendio-a-1-750-familias-de-valera-con-distribucion-de-cilindros","status":"publish","type":"post","link":"https:\/\/ciudadtrujillo.com\/?p=27962","title":{"rendered":"Trujillo Gas Comunal atendi\u00f3 a 1.750 familias de Valera con distribuci\u00f3n de cilindros"},"content":{"rendered":"<p style=\"text-align: justify;\">Como parte de los esfuerzos del gobierno regional, liderado por el My. Gerardo M\u00e1rquez, para fortalecer los servicios p\u00fablicos, a trav\u00e9s de Trujillo Gas Comunal fueron favorecidas las familias de la parroquia La Beatriz, municipio Valera, con las jornadas de distribuci\u00f3n as\u00ed como los abordajes del equipo del 1&#215;10 de la empresa para la sustituci\u00f3n y donaci\u00f3n de cilindros.<\/p>\n<p style=\"text-align: justify;\">En este sentido, con las jornadas de distribuci\u00f3n de gas y el despliegue de planta m\u00f3vil fueron atendidas 1.750 familias con el llenado de 2.154 cilindros que fueron despachados en articulaci\u00f3n con 15 Comit\u00e9s Locales de Abastecimiento y Producci\u00f3n (CLAP).<\/p>\n<p style=\"text-align: justify;\">Asimismo, tras los despliegues del equipo del 1&#215;10 de la empresa, liderada por el ing. Samuel Matheus, fueron favorecidas diferentes familias con la donaci\u00f3n y sustituci\u00f3n de cilindros, dando respuesta oportuna a las solicitudes que realizaron a trav\u00e9s del VenApp, herramienta impulsada por el Presidente Nicol\u00e1s Maduro para atender de manera inmediata al pueblo.<\/p>\n<p>&nbsp;<\/p>\n<p>&nbsp;<\/p>\n<h6>Yarlenis Albarr\u00e1n\/Gr\u00e1fica: Cortes\u00eda<\/h6>\n","protected":false},"excerpt":{"rendered":"<p>Como parte de los esfuerzos del gobierno regional, liderado por el My. Gerardo M\u00e1rquez, para fortalecer los servicios p\u00fablicos, a trav\u00e9s de Trujillo Gas Comunal fueron favorecidas las familias de&hellip; <\/p>\n","protected":false},"author":1,"featured_media":27963,"comment_status":"closed","ping_status":"closed","sticky":false,"template":"","format":"standard","meta":{"footnotes":""},"categories":[40],"tags":[],"class_list":["post-27962","post","type-post","status-publish","format-standard","has-post-thumbnail","hentry","category-grantrujillo"],"_links":{"self":[{"href":"https:\/\/ciudadtrujillo.com\/index.php?rest_route=\/wp\/v2\/posts\/27962","targetHints":{"allow":["GET"]}}],"collection":[{"href":"https:\/\/ciudadtrujillo.com\/index.php?rest_route=\/wp\/v2\/posts"}],"about":[{"href":"https:\/\/ciudadtrujillo.com\/index.php?rest_route=\/wp\/v2\/types\/post"}],"author":[{"embeddable":true,"href":"https:\/\/ciudadtrujillo.com\/index.php?rest_route=\/wp\/v2\/users\/1"}],"replies":[{"embeddable":true,"href":"https:\/\/ciudadtrujillo.com\/index.php?rest_route=%2Fwp%2Fv2%2Fcomments&post=27962"}],"version-history":[{"count":1,"href":"https:\/\/ciudadtrujillo.com\/index.php?rest_route=\/wp\/v2\/posts\/27962\/revisions"}],"predecessor-version":[{"id":27964,"href":"https:\/\/ciudadtrujillo.com\/index.php?rest_route=\/wp\/v2\/posts\/27962\/revisions\/27964"}],"wp:featuredmedia":[{"embeddable":true,"href":"https:\/\/ciudadtrujillo.com\/index.php?rest_route=\/wp\/v2\/media\/27963"}],"wp:attachment":[{"href":"https:\/\/ciudadtrujillo.com\/index.php?rest_route=%2Fwp%2Fv2%2Fmedia&parent=27962"}],"wp:term":[{"taxonomy":"category","embeddable":true,"href":"https:\/\/ciudadtrujillo.com\/index.php?rest_route=%2Fwp%2Fv2%2Fcategories&post=27962"},{"taxonomy":"post_tag","embeddable":true,"href":"https:\/\/ciudadtrujillo.com\/index.php?rest_route=%2Fwp%2Fv2%2Ftags&post=27962"}],"curies":[{"name":"wp","href":"https:\/\/api.w.org\/{rel}","templated":true}]}}