{"id":27959,"date":"2023-05-23T21:48:28","date_gmt":"2023-05-24T01:48:28","guid":{"rendered":"http:\/\/ciudadtrujillo.com\/?p=27959"},"modified":"2023-05-23T21:48:28","modified_gmt":"2023-05-24T01:48:28","slug":"instituto-trujillano-de-la-juventud-promueve-proteccion-de-los-espacios-naturales-con-rutas-de-senderismo-sin-limite","status":"publish","type":"post","link":"https:\/\/ciudadtrujillo.com\/?p=27959","title":{"rendered":"Instituto Trujillano de la Juventud promueve protecci\u00f3n de los espacios naturales con rutas de Senderismo Sin L\u00edmite"},"content":{"rendered":"<p style=\"text-align: justify;\">La presidenta del Instituto Trujillano de la Juventud (ITJ), Karen Gonz\u00e1lez, inform\u00f3 que en el estado se realizan rutas de Senderismo Sin L\u00edmite con el fin de promover los espacios naturales, tur\u00edsticos y ecol\u00f3gicos de la entidad. Actividad en la que han participado m\u00e1s 320 j\u00f3venes.<\/p>\n<p style=\"text-align: justify;\">Asimismo, Gonz\u00e1lez explic\u00f3 que, como parte de los recorridos, en d\u00edas recientes, la ruta tuvo lugar en el municipio Valera, donde partieron del Instituto Venezolano de los Seguros Sociales de la parroquia La Beatriz con destino a la Cascada de Cordillera del Humo, ubicada en el sector La Palmera. Asimismo, mencion\u00f3 que durante la actividad ecol\u00f3gica recorrieron un total 7 kil\u00f3metros recorridos.<\/p>\n<p style=\"text-align: justify;\">Igualmente, la presidenta se\u00f1al\u00f3 que otro de los objetivos es fomentar el resguardo del ecosistema para el resguardo de la biodiversidad.<br \/>\nGonz\u00e1lez a\u00f1adi\u00f3 que desde el instituto impulsan dichas actividades cumpliendo con las orientaciones del gobernador My. Gerardo M\u00e1rquez. \u00abSeguiremos en articulaci\u00f3n con las organizaciones juveniles, promoviendo la participaci\u00f3n, atenci\u00f3n, activaci\u00f3n y organizaci\u00f3n de nuestra muchachada a trav\u00e9s de los distintos programas que estaremos anunciando por nuestras redes sociales y que promovemos desde nuestra instituci\u00f3n\u00bb, finaliz\u00f3.<\/p>\n<p>&nbsp;<\/p>\n<p>&nbsp;<\/p>\n<h6>Prensa ITJ\/ Rossiel Hurtado\/Gr\u00e1fica: Cortes\u00eda<\/h6>\n","protected":false},"excerpt":{"rendered":"<p>La presidenta del Instituto Trujillano de la Juventud (ITJ), Karen Gonz\u00e1lez, inform\u00f3 que en el estado se realizan rutas de Senderismo Sin L\u00edmite con el fin de promover los espacios&hellip; <\/p>\n","protected":false},"author":1,"featured_media":27960,"comment_status":"closed","ping_status":"closed","sticky":false,"template":"","format":"standard","meta":{"footnotes":""},"categories":[40],"tags":[],"class_list":["post-27959","post","type-post","status-publish","format-standard","has-post-thumbnail","hentry","category-grantrujillo"],"_links":{"self":[{"href":"https:\/\/ciudadtrujillo.com\/index.php?rest_route=\/wp\/v2\/posts\/27959","targetHints":{"allow":["GET"]}}],"collection":[{"href":"https:\/\/ciudadtrujillo.com\/index.php?rest_route=\/wp\/v2\/posts"}],"about":[{"href":"https:\/\/ciudadtrujillo.com\/index.php?rest_route=\/wp\/v2\/types\/post"}],"author":[{"embeddable":true,"href":"https:\/\/ciudadtrujillo.com\/index.php?rest_route=\/wp\/v2\/users\/1"}],"replies":[{"embeddable":true,"href":"https:\/\/ciudadtrujillo.com\/index.php?rest_route=%2Fwp%2Fv2%2Fcomments&post=27959"}],"version-history":[{"count":1,"href":"https:\/\/ciudadtrujillo.com\/index.php?rest_route=\/wp\/v2\/posts\/27959\/revisions"}],"predecessor-version":[{"id":27961,"href":"https:\/\/ciudadtrujillo.com\/index.php?rest_route=\/wp\/v2\/posts\/27959\/revisions\/27961"}],"wp:featuredmedia":[{"embeddable":true,"href":"https:\/\/ciudadtrujillo.com\/index.php?rest_route=\/wp\/v2\/media\/27960"}],"wp:attachment":[{"href":"https:\/\/ciudadtrujillo.com\/index.php?rest_route=%2Fwp%2Fv2%2Fmedia&parent=27959"}],"wp:term":[{"taxonomy":"category","embeddable":true,"href":"https:\/\/ciudadtrujillo.com\/index.php?rest_route=%2Fwp%2Fv2%2Fcategories&post=27959"},{"taxonomy":"post_tag","embeddable":true,"href":"https:\/\/ciudadtrujillo.com\/index.php?rest_route=%2Fwp%2Fv2%2Ftags&post=27959"}],"curies":[{"name":"wp","href":"https:\/\/api.w.org\/{rel}","templated":true}]}}