{"id":27863,"date":"2023-05-21T16:59:43","date_gmt":"2023-05-21T20:59:43","guid":{"rendered":"http:\/\/ciudadtrujillo.com\/?p=27863"},"modified":"2023-05-21T16:59:43","modified_gmt":"2023-05-21T20:59:43","slug":"venezuela-e-iran-fortalecen-relaciones-de-cooperacion-en-materia-cultural","status":"publish","type":"post","link":"https:\/\/ciudadtrujillo.com\/?p=27863","title":{"rendered":"Venezuela e Ir\u00e1n fortalecen relaciones de cooperaci\u00f3n en materia cultural"},"content":{"rendered":"<p style=\"text-align: justify;\">Como parte de las relaciones de cooperaci\u00f3n entre Venezuela e Ir\u00e1n, el ministro del Poder Popular para la Cultura, Ernesto Villegas, sostuvo una reuni\u00f3n de trabajo con el secretario del consejo supremo de la Revoluci\u00f3n cultural, Abdolhossein Khosropanah, y el jefe de la Organizaci\u00f3n de Cultura y Relaciones Isl\u00e1micas, Sr. Imanipour, con el fin de elevar el intercambio en este \u00e1mbito, entre ambos pa\u00edses.<\/p>\n<p style=\"text-align: justify;\">El funcionario indic\u00f3 a trav\u00e9s de su cuenta en Twitter, que la naci\u00f3n Bolivariana don\u00f3 decenas de libros de autores venezolanos publicados por las editoriales del Ministerio del Poder Popular para la Cultura, al Instituto de Estudios Hisp\u00e1nicos de la Universidad de Teher\u00e1n, donde comparti\u00f3 con autoridades universitarias y estudiantes del idioma castellano, interesados en el intercambio cultural.<\/p>\n<p style=\"text-align: justify;\">Asimismo, Villegas se\u00f1al\u00f3 que los libros fueron recibidos por el decano de la Facultad de Estudios Mundiales de la Universidad de Teher\u00e1n, Mohammad Samiei, en compa\u00f1\u00eda de la profesora y directora del Centro de Estudios Hisp\u00e1nicos de esa instituci\u00f3n, Maryan Haghrusta.<\/p>\n<p>&nbsp;<\/p>\n<p>&nbsp;<\/p>\n<h6>VTV\/Gr\u00e1ficas: cortes\u00eda<\/h6>\n","protected":false},"excerpt":{"rendered":"<p>Como parte de las relaciones de cooperaci\u00f3n entre Venezuela e Ir\u00e1n, el ministro del Poder Popular para la Cultura, Ernesto Villegas, sostuvo una reuni\u00f3n de trabajo con el secretario del&hellip; <\/p>\n","protected":false},"author":1,"featured_media":27864,"comment_status":"closed","ping_status":"closed","sticky":false,"template":"","format":"standard","meta":{"footnotes":""},"categories":[41],"tags":[],"class_list":["post-27863","post","type-post","status-publish","format-standard","has-post-thumbnail","hentry","category-pais"],"_links":{"self":[{"href":"https:\/\/ciudadtrujillo.com\/index.php?rest_route=\/wp\/v2\/posts\/27863","targetHints":{"allow":["GET"]}}],"collection":[{"href":"https:\/\/ciudadtrujillo.com\/index.php?rest_route=\/wp\/v2\/posts"}],"about":[{"href":"https:\/\/ciudadtrujillo.com\/index.php?rest_route=\/wp\/v2\/types\/post"}],"author":[{"embeddable":true,"href":"https:\/\/ciudadtrujillo.com\/index.php?rest_route=\/wp\/v2\/users\/1"}],"replies":[{"embeddable":true,"href":"https:\/\/ciudadtrujillo.com\/index.php?rest_route=%2Fwp%2Fv2%2Fcomments&post=27863"}],"version-history":[{"count":1,"href":"https:\/\/ciudadtrujillo.com\/index.php?rest_route=\/wp\/v2\/posts\/27863\/revisions"}],"predecessor-version":[{"id":27865,"href":"https:\/\/ciudadtrujillo.com\/index.php?rest_route=\/wp\/v2\/posts\/27863\/revisions\/27865"}],"wp:featuredmedia":[{"embeddable":true,"href":"https:\/\/ciudadtrujillo.com\/index.php?rest_route=\/wp\/v2\/media\/27864"}],"wp:attachment":[{"href":"https:\/\/ciudadtrujillo.com\/index.php?rest_route=%2Fwp%2Fv2%2Fmedia&parent=27863"}],"wp:term":[{"taxonomy":"category","embeddable":true,"href":"https:\/\/ciudadtrujillo.com\/index.php?rest_route=%2Fwp%2Fv2%2Fcategories&post=27863"},{"taxonomy":"post_tag","embeddable":true,"href":"https:\/\/ciudadtrujillo.com\/index.php?rest_route=%2Fwp%2Fv2%2Ftags&post=27863"}],"curies":[{"name":"wp","href":"https:\/\/api.w.org\/{rel}","templated":true}]}}