{"id":27860,"date":"2023-05-21T16:56:06","date_gmt":"2023-05-21T20:56:06","guid":{"rendered":"http:\/\/ciudadtrujillo.com\/?p=27860"},"modified":"2023-05-21T16:56:06","modified_gmt":"2023-05-21T20:56:06","slug":"instalado-congreso-de-experiencias-directas-de-gestion-del-poder-popular","status":"publish","type":"post","link":"https:\/\/ciudadtrujillo.com\/?p=27860","title":{"rendered":"Instalado Congreso de Experiencias Directas de Gesti\u00f3n del Poder Popular"},"content":{"rendered":"<p style=\"text-align: justify;\">Este s\u00e1bado fue instalado el Congreso Nacional de Experiencias Directas de Gesti\u00f3n del Poder Popular (SINCO), cap\u00edtulo Caracas, en los espacios del Ministerio para el Ecosocialismo, ubicado en las torres de El Silencio, con el objetivo de fortalecer la gesti\u00f3n comunal mostrando las experiencias y soluciones a los problemas de las comunas en colectivo.<\/p>\n<p style=\"text-align: justify;\">El evento se llevar\u00e1 a cabo de manera simult\u00e1nea en todo el pa\u00eds desde el 20 al 28 de mayo y permitir\u00e1 a los asistentes contar con un espacio de encuentro entre las vocer\u00edas de los Consejos Comunales e instituciones del Estado para deliberar y socializar las experiencias exitosas de la gesti\u00f3n comunal, y seguir fortaleciendo al Poder Popular en el territorio, indic\u00f3 una nota de prensa del Ministerio para las Comunas.<\/p>\n<h3 style=\"text-align: justify;\">Sistema de Integraci\u00f3n comunal (SINCO)<\/h3>\n<p style=\"text-align: justify;\">La instalaci\u00f3n del congreso estuvo liderado por el viceministro para la Organizaci\u00f3n y Participaci\u00f3n Comunal y Social, C\u00e9sar Carrero, quien detall\u00f3 que el Sistema de Integraci\u00f3n Comunal (SINCO) \u201ces una herramienta tecnol\u00f3gica que permite recoger todas esas experiencias que la comunidad est\u00e1 generando constantemente, y se pueda sistematizar en un solo lugar para que quienes construyen pol\u00edticas de gobierno nacional tengan ese insumo desde las comunidades de forma directa sin intermediarios y que la comunicaci\u00f3n sea inmediata con las organizaciones populares\u201d.<\/p>\n<p style=\"text-align: justify;\">Carrero estuvo acompa\u00f1ado de la viceministra de Gesti\u00f3n Universitaria, Iroschima V\u00e1zquez; el secretario ejecutivo del Consejo Federal de Gobierno, Guy Vernaez; la secretaria ejecutiva del Movimiento Somos Venezuela, Johana Carrillo; la directora de proyectos comunales de la Misi\u00f3n Venezuela Bella, Mar\u00eda Flores, y la participaci\u00f3n protag\u00f3nica de las Comunas y Consejos Comunales que hacen vida en el Distrito Capital.<\/p>\n<h3 style=\"text-align: justify;\">Sue\u00f1o de Ch\u00e1vez: universidad y Poder Popular<\/h3>\n<p style=\"text-align: justify;\">Con la instalaci\u00f3n y posterior desarrollo del Congreso Nacional de Experiencias Directas de Gesti\u00f3n del Poder Popular se est\u00e1 cumpliendo uno de los sue\u00f1os del Comandante Ch\u00e1vez que era casar el alma mater con el Poder Popular, resalt\u00f3 la viceministra Iroschima V\u00e1zquez.<\/p>\n<p style=\"text-align: justify;\">\u201cLas universidades deben vincularse directamente con el territorio para obtener un resultado concreto y poder resolver cualquier problema que afecta a la comunidad, es decir, la organizaci\u00f3n popular y la universidad es fundamental para el desarrollo local y nacional del pa\u00eds\u201d, recalc\u00f3.<\/p>\n<h3 style=\"text-align: justify;\">Problemas solventados por autogesti\u00f3n<\/h3>\n<p style=\"text-align: justify;\">Por su parte, la secretaria ejecutiva del Movimiento Somos Venezuela, Johana Carrillo, resalt\u00f3 que con el sistema SINCO el Poder Popular tiene la oportunidad de categorizar y caracterizar los tipos de problemas que en ocasiones pueden ser resueltos por autogesti\u00f3n.<\/p>\n<p>&nbsp;<\/p>\n<p>&nbsp;<\/p>\n<h6>\u00daLTIMAS NOTICIAS\/GR\u00c1FICA: CORTES\u00cdA<\/h6>\n","protected":false},"excerpt":{"rendered":"<p>Este s\u00e1bado fue instalado el Congreso Nacional de Experiencias Directas de Gesti\u00f3n del Poder Popular (SINCO), cap\u00edtulo Caracas, en los espacios del Ministerio para el Ecosocialismo, ubicado en las torres&hellip; <\/p>\n","protected":false},"author":1,"featured_media":27861,"comment_status":"closed","ping_status":"closed","sticky":false,"template":"","format":"standard","meta":{"footnotes":""},"categories":[41],"tags":[],"class_list":["post-27860","post","type-post","status-publish","format-standard","has-post-thumbnail","hentry","category-pais"],"_links":{"self":[{"href":"https:\/\/ciudadtrujillo.com\/index.php?rest_route=\/wp\/v2\/posts\/27860","targetHints":{"allow":["GET"]}}],"collection":[{"href":"https:\/\/ciudadtrujillo.com\/index.php?rest_route=\/wp\/v2\/posts"}],"about":[{"href":"https:\/\/ciudadtrujillo.com\/index.php?rest_route=\/wp\/v2\/types\/post"}],"author":[{"embeddable":true,"href":"https:\/\/ciudadtrujillo.com\/index.php?rest_route=\/wp\/v2\/users\/1"}],"replies":[{"embeddable":true,"href":"https:\/\/ciudadtrujillo.com\/index.php?rest_route=%2Fwp%2Fv2%2Fcomments&post=27860"}],"version-history":[{"count":1,"href":"https:\/\/ciudadtrujillo.com\/index.php?rest_route=\/wp\/v2\/posts\/27860\/revisions"}],"predecessor-version":[{"id":27862,"href":"https:\/\/ciudadtrujillo.com\/index.php?rest_route=\/wp\/v2\/posts\/27860\/revisions\/27862"}],"wp:featuredmedia":[{"embeddable":true,"href":"https:\/\/ciudadtrujillo.com\/index.php?rest_route=\/wp\/v2\/media\/27861"}],"wp:attachment":[{"href":"https:\/\/ciudadtrujillo.com\/index.php?rest_route=%2Fwp%2Fv2%2Fmedia&parent=27860"}],"wp:term":[{"taxonomy":"category","embeddable":true,"href":"https:\/\/ciudadtrujillo.com\/index.php?rest_route=%2Fwp%2Fv2%2Fcategories&post=27860"},{"taxonomy":"post_tag","embeddable":true,"href":"https:\/\/ciudadtrujillo.com\/index.php?rest_route=%2Fwp%2Fv2%2Ftags&post=27860"}],"curies":[{"name":"wp","href":"https:\/\/api.w.org\/{rel}","templated":true}]}}