{"id":27855,"date":"2023-05-18T23:03:12","date_gmt":"2023-05-19T03:03:12","guid":{"rendered":"http:\/\/ciudadtrujillo.com\/?p=27855"},"modified":"2023-05-18T23:03:12","modified_gmt":"2023-05-19T03:03:12","slug":"un-total-de-11-mil-290-familias-atendidas-con-jomadas-de-distribucion-de-trujillo-gas-comunal","status":"publish","type":"post","link":"https:\/\/ciudadtrujillo.com\/?p=27855","title":{"rendered":"Un total de 11 mil 290 familias atendidas con jomadas de distribuci\u00f3n de Trujillo Gas Comunal"},"content":{"rendered":"<p style=\"text-align: justify;\">En el marco del 1&#215;10 del Buen Gobierno, la empresa Trujillo Gas Comunal ha mantenido los despliegues en el territorio para garantizar el insumo, por lo que en la semana del 11 al 17 de mayo fueron atendidas 11 mil 290 familias a trav\u00e9s de las jornadas de distribuci\u00f3n que se ejecutan gracias al apoyo del gobernador My. Gerardo M\u00e1rquez.<\/p>\n<p style=\"text-align: justify;\">Durante las jornadas fueron abordadas las parroquias Bocon\u00f3 (Bocon\u00f3), Chereg\u00fc\u00e9 (Bol\u00edvar), Manuel Salvador Ulloa (Candelaria), Carache (Carache), La Ceiba (La Ceiba), Motat\u00e1n (Motat\u00e1n), Santa Ana (Pamp\u00e1n), Pampanito (Pampanito), Jos\u00e9 Gregorio Hern\u00e1ndez (Rafael Rangel), Jos\u00e9 Leonardo Su\u00e1rez (Carvajal), Sabana de Mendoza (Sucre), Andr\u00e9s Linares (Trujillo), La Quebrada y Tu\u00f1ame (Urdaneta), Juan Ignacio Montilla, La Beatriz y Mercedes D\u00edaz (Valera), adem\u00e1s de Timotes en Miranda (M\u00e9rida).<\/p>\n<p style=\"text-align: justify;\">En los despliegues que realiz\u00f3 la fuerza laboral, liderada por el Ing. Samuel Matheus, fueron distribuidos un total de 14 mil 428 cilindros a trav\u00e9s de la articulaci\u00f3n con 82 Comit\u00e9s Locales de Abastecimiento y Producci\u00f3n (CLAP).<\/p>\n<p style=\"text-align: justify;\">Adem\u00e1s, el equipo se activ\u00f3 con planta m\u00f3vil para fortalecer el servicio en las diferentes comunidades como orientaci\u00f3n del Presidente Nicolas Maduro, el presidente de Pdvsa Gas Comunal, Pedro Caldera y el mandatario regional.<\/p>\n<p>&nbsp;<\/p>\n<p>&nbsp;<\/p>\n<h6>Yarlenis Albarr\u00e1n\/Gr\u00e1fica: Cortes\u00eda<\/h6>\n","protected":false},"excerpt":{"rendered":"<p>En el marco del 1&#215;10 del Buen Gobierno, la empresa Trujillo Gas Comunal ha mantenido los despliegues en el territorio para garantizar el insumo, por lo que en la semana&hellip; <\/p>\n","protected":false},"author":1,"featured_media":27856,"comment_status":"closed","ping_status":"closed","sticky":false,"template":"","format":"standard","meta":{"footnotes":""},"categories":[52,40],"tags":[],"class_list":["post-27855","post","type-post","status-publish","format-standard","has-post-thumbnail","hentry","category-destacadas","category-grantrujillo"],"_links":{"self":[{"href":"https:\/\/ciudadtrujillo.com\/index.php?rest_route=\/wp\/v2\/posts\/27855","targetHints":{"allow":["GET"]}}],"collection":[{"href":"https:\/\/ciudadtrujillo.com\/index.php?rest_route=\/wp\/v2\/posts"}],"about":[{"href":"https:\/\/ciudadtrujillo.com\/index.php?rest_route=\/wp\/v2\/types\/post"}],"author":[{"embeddable":true,"href":"https:\/\/ciudadtrujillo.com\/index.php?rest_route=\/wp\/v2\/users\/1"}],"replies":[{"embeddable":true,"href":"https:\/\/ciudadtrujillo.com\/index.php?rest_route=%2Fwp%2Fv2%2Fcomments&post=27855"}],"version-history":[{"count":1,"href":"https:\/\/ciudadtrujillo.com\/index.php?rest_route=\/wp\/v2\/posts\/27855\/revisions"}],"predecessor-version":[{"id":27857,"href":"https:\/\/ciudadtrujillo.com\/index.php?rest_route=\/wp\/v2\/posts\/27855\/revisions\/27857"}],"wp:featuredmedia":[{"embeddable":true,"href":"https:\/\/ciudadtrujillo.com\/index.php?rest_route=\/wp\/v2\/media\/27856"}],"wp:attachment":[{"href":"https:\/\/ciudadtrujillo.com\/index.php?rest_route=%2Fwp%2Fv2%2Fmedia&parent=27855"}],"wp:term":[{"taxonomy":"category","embeddable":true,"href":"https:\/\/ciudadtrujillo.com\/index.php?rest_route=%2Fwp%2Fv2%2Fcategories&post=27855"},{"taxonomy":"post_tag","embeddable":true,"href":"https:\/\/ciudadtrujillo.com\/index.php?rest_route=%2Fwp%2Fv2%2Ftags&post=27855"}],"curies":[{"name":"wp","href":"https:\/\/api.w.org\/{rel}","templated":true}]}}