{"id":27820,"date":"2023-05-17T20:15:35","date_gmt":"2023-05-18T00:15:35","guid":{"rendered":"http:\/\/ciudadtrujillo.com\/?p=27820"},"modified":"2023-05-17T20:15:35","modified_gmt":"2023-05-18T00:15:35","slug":"proteccion-civil-capacita-trabajadores-de-venvidrio-en-sismologia-y-autoproteccion","status":"publish","type":"post","link":"https:\/\/ciudadtrujillo.com\/?p=27820","title":{"rendered":"Protecci\u00f3n Civil capacita trabajadores de Venvidrio en sismolog\u00eda y autoprotecci\u00f3n"},"content":{"rendered":"<p style=\"text-align: justify;\">En el marco del fomento de la cultura preventiva y la gesti\u00f3n integral de riesgo, el equipo de la Coordinaci\u00f3n de Formaci\u00f3n y Capacitaci\u00f3n Comunitaria de Protecci\u00f3n Civil estadal capacita a los trabajadores de la empresa Venvidrio, ubicada en Valera, en los temas de sismolog\u00eda y autoprotecci\u00f3n.<\/p>\n<p>Esta jornada de dos semanas contempla diversos temas como la autoprotecci\u00f3n, elaboraci\u00f3n de un mapa de riesgo y brigadas de emergencias en los que los trabajadores colocan en pr\u00e1ctica los conocimientos brindados por los expertos; evaluando los posibles escenarios de riesgos para que de esta manera los participantes puedan responder oportunamente, apostando a su salvaguarda.<\/p>\n<p style=\"text-align: justify;\">Rafael Manzanilla, jefe de esta coordinaci\u00f3n, indic\u00f3 que desde este a\u00f1o han venido desarrollando actividades en el marco de la capacitaci\u00f3n en los temas inherentes a la autoprotecci\u00f3n ciudadana, Atenci\u00f3n Prehospitalaria y todos aquellos que conforman los planes y programas nacionales de formaci\u00f3n.<\/p>\n<p style=\"text-align: justify;\">\u201cLa intenci\u00f3n es lograr que los trabajadores tengan la habilidad y destreza para actuar responsablemente en el \u00e1rea laboral ya que a la hora de suceder un evento adverso ellos son los primeros respondedores. Hasta ahora en la capacitaci\u00f3n brindada en esta empresa los participantes han mostrado inter\u00e9s, han compartido y debatido ideas, por lo que ha sido fruct\u00edfera la actividad y eso nos deja una satisfacci\u00f3n\u201d, detall\u00f3 Manzanilla.<\/p>\n<h3 style=\"text-align: justify;\">Simulacros de evacuaci\u00f3n<\/h3>\n<p style=\"text-align: justify;\">Acot\u00f3 adem\u00e1s el funcionario que durante la semana pasada el equipo de Protecci\u00f3n Civil estadal realiz\u00f3 ocho simulacros de evacuaci\u00f3n ante sismos en instituciones educativas de la entidad, adscritas al Ministerio del Poder Popular para la Educaci\u00f3n (Mppe) y la Fundaci\u00f3n Regional Ni\u00f1o Sim\u00f3n Trujillo (Frnstru).<\/p>\n<p>&nbsp;<\/p>\n<p>&nbsp;<\/p>\n<p>&nbsp;<\/p>\n<h6>Prensa Protecci\u00f3n Civil\/ Erika Bravo<\/h6>\n","protected":false},"excerpt":{"rendered":"<p>En el marco del fomento de la cultura preventiva y la gesti\u00f3n integral de riesgo, el equipo de la Coordinaci\u00f3n de Formaci\u00f3n y Capacitaci\u00f3n Comunitaria de Protecci\u00f3n Civil estadal capacita&hellip; <\/p>\n","protected":false},"author":1,"featured_media":27821,"comment_status":"closed","ping_status":"closed","sticky":false,"template":"","format":"standard","meta":{"footnotes":""},"categories":[40],"tags":[],"class_list":["post-27820","post","type-post","status-publish","format-standard","has-post-thumbnail","hentry","category-grantrujillo"],"_links":{"self":[{"href":"https:\/\/ciudadtrujillo.com\/index.php?rest_route=\/wp\/v2\/posts\/27820","targetHints":{"allow":["GET"]}}],"collection":[{"href":"https:\/\/ciudadtrujillo.com\/index.php?rest_route=\/wp\/v2\/posts"}],"about":[{"href":"https:\/\/ciudadtrujillo.com\/index.php?rest_route=\/wp\/v2\/types\/post"}],"author":[{"embeddable":true,"href":"https:\/\/ciudadtrujillo.com\/index.php?rest_route=\/wp\/v2\/users\/1"}],"replies":[{"embeddable":true,"href":"https:\/\/ciudadtrujillo.com\/index.php?rest_route=%2Fwp%2Fv2%2Fcomments&post=27820"}],"version-history":[{"count":1,"href":"https:\/\/ciudadtrujillo.com\/index.php?rest_route=\/wp\/v2\/posts\/27820\/revisions"}],"predecessor-version":[{"id":27822,"href":"https:\/\/ciudadtrujillo.com\/index.php?rest_route=\/wp\/v2\/posts\/27820\/revisions\/27822"}],"wp:featuredmedia":[{"embeddable":true,"href":"https:\/\/ciudadtrujillo.com\/index.php?rest_route=\/wp\/v2\/media\/27821"}],"wp:attachment":[{"href":"https:\/\/ciudadtrujillo.com\/index.php?rest_route=%2Fwp%2Fv2%2Fmedia&parent=27820"}],"wp:term":[{"taxonomy":"category","embeddable":true,"href":"https:\/\/ciudadtrujillo.com\/index.php?rest_route=%2Fwp%2Fv2%2Fcategories&post=27820"},{"taxonomy":"post_tag","embeddable":true,"href":"https:\/\/ciudadtrujillo.com\/index.php?rest_route=%2Fwp%2Fv2%2Ftags&post=27820"}],"curies":[{"name":"wp","href":"https:\/\/api.w.org\/{rel}","templated":true}]}}