{"id":27793,"date":"2023-05-17T19:47:47","date_gmt":"2023-05-17T23:47:47","guid":{"rendered":"http:\/\/ciudadtrujillo.com\/?p=27793"},"modified":"2023-05-17T19:47:47","modified_gmt":"2023-05-17T23:47:47","slug":"canciller-yvan-gil-afianza-lazos-de-cooperacion-bilateral-con-delegacion-del-pcch","status":"publish","type":"post","link":"https:\/\/ciudadtrujillo.com\/?p=27793","title":{"rendered":"Canciller Yv\u00e1n Gil afianza lazos de cooperaci\u00f3n bilateral con delegaci\u00f3n del PCCh"},"content":{"rendered":"<p style=\"text-align: justify;\">\u201cProductivo encuentro, con la delegaci\u00f3n del Partido Comunista de China (PCCh) dirigida por Li Mingxiang, viceministro del Departamento Internacional del Comit\u00e9 Central del PCCh,\u201d, as\u00ed lo dio a conocer el canciller de la Rep\u00fablica Bolivariana de Venezuela, Yv\u00e1n Gil, a trav\u00e9s de su cuenta en la red social en Twitter; esta comisi\u00f3n mantendr\u00e1 agenda en los pr\u00f3ximos d\u00edas en el pa\u00eds, con el objetivo de afianzar los lazos de cooperaci\u00f3n entre el PCCh y el Partido Socialista Unido de Venezuela (PSUV), adem\u00e1s de fortalecer las alianzas bilaterales entre ambas naciones.<\/p>\n<p style=\"text-align: justify;\">El embajador de China acreditado en Venezuela, Lan Hu, se sum\u00f3 a la delegaci\u00f3n y prev\u00e9n una agenda de trabajo dirigida a la formaci\u00f3n pol\u00edtica-ideol\u00f3gica, profesional-acad\u00e9mica en distintas \u00e1reas, en la que destaca la formaci\u00f3n de cuadros, el uso de la tecnolog\u00eda en la pol\u00edtica, comunicaci\u00f3n pol\u00edtica y la organizaci\u00f3n territorial, as\u00ed como consolidar las relaciones comerciales.<\/p>\n<p style=\"text-align: justify;\">Por su parte, el titular de la cartera de Relaciones Exteriores reiter\u00f3 el apoyo a las iniciativas globales y multilaterales que ejecuta el gigante asi\u00e1tico, adem\u00e1s de afianzar acuerdos econ\u00f3micos como \u201cLa Franja y la Ruta\u201d que evoca la antigua Ruta de la Seda para potenciar los v\u00ednculos econ\u00f3micos y comerciales con los pa\u00edses del mundo.<\/p>\n<p style=\"text-align: justify;\">El alto comisionado chino Li Mingxiang, estuvo acompa\u00f1ado por Jin Xiaopeng, subdirector general del Bur\u00f3 para Am\u00e9rica Latina del departamento Internacional del Comit\u00e9 Central de la organizaci\u00f3n; Chen Wnxeue y Pan Jiqian funcionarios del departamento Internacional del Comit\u00e9 Central del PCCh.<\/p>\n<p style=\"text-align: justify;\">Cabe destacar que el PCCh fue recibido tambi\u00e9n por el primer vicepresidente del Partido Socialista Unido de Venezuela (PSUV), Diosdado Cabello, con el fin de consolidar la colaboraci\u00f3n en el programa de formaci\u00f3n binacional, as\u00ed como el intercambio entre ambos partidos de gobierno.<\/p>\n<p style=\"text-align: justify;\">\n<p>&nbsp;<\/p>\n<p>&nbsp;<\/p>\n<h6>VTV\/Gr\u00e1fica: Cortes\u00eda<\/h6>\n","protected":false},"excerpt":{"rendered":"<p>\u201cProductivo encuentro, con la delegaci\u00f3n del Partido Comunista de China (PCCh) dirigida por Li Mingxiang, viceministro del Departamento Internacional del Comit\u00e9 Central del PCCh,\u201d, as\u00ed lo dio a conocer el&hellip; <\/p>\n","protected":false},"author":1,"featured_media":27794,"comment_status":"closed","ping_status":"closed","sticky":false,"template":"","format":"standard","meta":{"footnotes":""},"categories":[41],"tags":[],"class_list":["post-27793","post","type-post","status-publish","format-standard","has-post-thumbnail","hentry","category-pais"],"_links":{"self":[{"href":"https:\/\/ciudadtrujillo.com\/index.php?rest_route=\/wp\/v2\/posts\/27793","targetHints":{"allow":["GET"]}}],"collection":[{"href":"https:\/\/ciudadtrujillo.com\/index.php?rest_route=\/wp\/v2\/posts"}],"about":[{"href":"https:\/\/ciudadtrujillo.com\/index.php?rest_route=\/wp\/v2\/types\/post"}],"author":[{"embeddable":true,"href":"https:\/\/ciudadtrujillo.com\/index.php?rest_route=\/wp\/v2\/users\/1"}],"replies":[{"embeddable":true,"href":"https:\/\/ciudadtrujillo.com\/index.php?rest_route=%2Fwp%2Fv2%2Fcomments&post=27793"}],"version-history":[{"count":1,"href":"https:\/\/ciudadtrujillo.com\/index.php?rest_route=\/wp\/v2\/posts\/27793\/revisions"}],"predecessor-version":[{"id":27795,"href":"https:\/\/ciudadtrujillo.com\/index.php?rest_route=\/wp\/v2\/posts\/27793\/revisions\/27795"}],"wp:featuredmedia":[{"embeddable":true,"href":"https:\/\/ciudadtrujillo.com\/index.php?rest_route=\/wp\/v2\/media\/27794"}],"wp:attachment":[{"href":"https:\/\/ciudadtrujillo.com\/index.php?rest_route=%2Fwp%2Fv2%2Fmedia&parent=27793"}],"wp:term":[{"taxonomy":"category","embeddable":true,"href":"https:\/\/ciudadtrujillo.com\/index.php?rest_route=%2Fwp%2Fv2%2Fcategories&post=27793"},{"taxonomy":"post_tag","embeddable":true,"href":"https:\/\/ciudadtrujillo.com\/index.php?rest_route=%2Fwp%2Fv2%2Ftags&post=27793"}],"curies":[{"name":"wp","href":"https:\/\/api.w.org\/{rel}","templated":true}]}}