{"id":27788,"date":"2023-05-17T19:38:52","date_gmt":"2023-05-17T23:38:52","guid":{"rendered":"http:\/\/ciudadtrujillo.com\/?p=27788"},"modified":"2023-05-17T19:38:56","modified_gmt":"2023-05-17T23:38:56","slug":"presidente-lasso-disuelve-la-asamblea-nacional-en-ecuador","status":"publish","type":"post","link":"https:\/\/ciudadtrujillo.com\/?p=27788","title":{"rendered":"Presidente Lasso disuelve la Asamblea Nacional en Ecuador"},"content":{"rendered":"<p style=\"text-align: justify;\">El presidente de Ecuador, Guillermo Lasso, en un mensaje a la naci\u00f3n, decret\u00f3 la muerte cruzada y disuelve la Asamblea Nacional.<\/p>\n<p style=\"text-align: justify;\">En su mensaje, el mandatario explic\u00f3 que aplica el art\u00edculo 148 de la Constituci\u00f3n que le otorga la facultad de disolver la Asamblea Nacional y pedir la convocatoria de las elecciones legislativas y presidenciales por la \u00abgrave crisis pol\u00edtica y conmoci\u00f3n interna\u00bb que atraviesa el pa\u00eds suramericano.<\/p>\n<p style=\"text-align: justify;\">Con el decreto del mandatario, habr\u00e1 un adelanto de elecciones tanto legislativas como presidenciales, de ah\u00ed el t\u00e9rmino de muerte cruzada. Mientras, el mandatario gobernar\u00eda por decretos durante seis meses.<\/p>\n<p style=\"text-align: justify;\">El mandatario emiti\u00f3 el decreto mientras en la Asamblea Nacional se lleva a cabo el proceso de juicio pol\u00edtico en su contra, acusado del presunto delito de peculado (malversaci\u00f3n de fondos p\u00fablicos).<\/p>\n<p style=\"text-align: justify;\">Con la disoluci\u00f3n del parlamento, Lasso podr\u00e1 gobernar hasta por seis meses por decreto con el control de la Corte Constitucional.<\/p>\n<p style=\"text-align: justify;\">Lasso deber\u00e1 convocar elecciones presidenciales y legislativas. Los ganadores de estos comicios completar\u00e1n el actual periodo presidencial y legislativo que termina en mayo de 2025.<\/p>\n<p style=\"text-align: justify;\">De acuerdo con el mandatario, \u201ctodos los esfuerzos del poder legislativo est\u00e1n enfocados en desestabilizar al Gobierno\u201d.<\/p>\n<p style=\"text-align: justify;\">Argument\u00f3 que \u201cesta es una decisi\u00f3n democr\u00e1tica no s\u00f3lo porque es constitucional sino porque le devuelve al pueblo ecuatoriano el poder de decidir su futuro en las pr\u00f3ximas elecciones\u201d y consider\u00f3 que \u201cesta es la mejor decisi\u00f3n posible que nos abre el camino para recuperar la esperanza, la tranquilidad\u201d.<\/p>\n<p style=\"text-align: justify;\">Con esta decisi\u00f3n, el proceso de juicio pol\u00edtico contra Lasso se cancela, cuando en la Asamblea Nacional avanzaba la posibilidad de destituir al mandatario.<\/p>\n<p>&nbsp;<\/p>\n<p>&nbsp;<\/p>\n<h6>Telesur\/Gr\u00e1fica: Cortes\u00eda<\/h6>\n","protected":false},"excerpt":{"rendered":"<p>El presidente de Ecuador, Guillermo Lasso, en un mensaje a la naci\u00f3n, decret\u00f3 la muerte cruzada y disuelve la Asamblea Nacional. En su mensaje, el mandatario explic\u00f3 que aplica el&hellip; <\/p>\n","protected":false},"author":1,"featured_media":27789,"comment_status":"closed","ping_status":"closed","sticky":false,"template":"","format":"standard","meta":{"footnotes":""},"categories":[42],"tags":[],"class_list":["post-27788","post","type-post","status-publish","format-standard","has-post-thumbnail","hentry","category-mundo"],"_links":{"self":[{"href":"https:\/\/ciudadtrujillo.com\/index.php?rest_route=\/wp\/v2\/posts\/27788","targetHints":{"allow":["GET"]}}],"collection":[{"href":"https:\/\/ciudadtrujillo.com\/index.php?rest_route=\/wp\/v2\/posts"}],"about":[{"href":"https:\/\/ciudadtrujillo.com\/index.php?rest_route=\/wp\/v2\/types\/post"}],"author":[{"embeddable":true,"href":"https:\/\/ciudadtrujillo.com\/index.php?rest_route=\/wp\/v2\/users\/1"}],"replies":[{"embeddable":true,"href":"https:\/\/ciudadtrujillo.com\/index.php?rest_route=%2Fwp%2Fv2%2Fcomments&post=27788"}],"version-history":[{"count":1,"href":"https:\/\/ciudadtrujillo.com\/index.php?rest_route=\/wp\/v2\/posts\/27788\/revisions"}],"predecessor-version":[{"id":27790,"href":"https:\/\/ciudadtrujillo.com\/index.php?rest_route=\/wp\/v2\/posts\/27788\/revisions\/27790"}],"wp:featuredmedia":[{"embeddable":true,"href":"https:\/\/ciudadtrujillo.com\/index.php?rest_route=\/wp\/v2\/media\/27789"}],"wp:attachment":[{"href":"https:\/\/ciudadtrujillo.com\/index.php?rest_route=%2Fwp%2Fv2%2Fmedia&parent=27788"}],"wp:term":[{"taxonomy":"category","embeddable":true,"href":"https:\/\/ciudadtrujillo.com\/index.php?rest_route=%2Fwp%2Fv2%2Fcategories&post=27788"},{"taxonomy":"post_tag","embeddable":true,"href":"https:\/\/ciudadtrujillo.com\/index.php?rest_route=%2Fwp%2Fv2%2Ftags&post=27788"}],"curies":[{"name":"wp","href":"https:\/\/api.w.org\/{rel}","templated":true}]}}