{"id":27784,"date":"2023-05-17T19:25:55","date_gmt":"2023-05-17T23:25:55","guid":{"rendered":"http:\/\/ciudadtrujillo.com\/?p=27784"},"modified":"2023-05-17T19:25:55","modified_gmt":"2023-05-17T23:25:55","slug":"venezuela-monta-su-pabellon-para-bienal-de-venecia","status":"publish","type":"post","link":"https:\/\/ciudadtrujillo.com\/?p=27784","title":{"rendered":"Venezuela monta su pabell\u00f3n para Bienal de Venecia"},"content":{"rendered":"<p style=\"text-align: justify;\">Como cada a\u00f1o Venezuela dir\u00e1 presente en la XVIII edici\u00f3n de la Bienal de Venecia que se inaugura este viernes bajo el lema \u201cEl Laboratorio del Futuro\u201d.<\/p>\n<p style=\"text-align: justify;\">\n<p style=\"text-align: justify;\">El pabell\u00f3n de nuestro pa\u00eds en la Biennale Architettura 2023 en Venecia llevar\u00e1 por nombre: Universidad Central de Venezuela. Patrimonio de la Humanidad en recuperaci\u00f3n. Ciudad Universitaria de Caracas y servir\u00e1 para mostrar al mundo a releer y repensar la arquitectura a partir del enfoque plasmado por Villanueva.<\/p>\n<p style=\"text-align: justify;\">\n<p style=\"text-align: justify;\">Es as\u00ed que la exhibici\u00f3n, conformada por fotograf\u00edas y textos, da cuenta del proceso hist\u00f3rico de construcci\u00f3n y recuperaci\u00f3n de ese emblem\u00e1tico espacio y busca inspirar a las nuevas generaciones de arquitectos a concebir la idea de la arquitectura como elemento del cambio y desarrollo social, rese\u00f1a una nota de prensa.<\/p>\n<p style=\"text-align: justify;\">\n<p style=\"text-align: justify;\">\u201cLa muestra pondr\u00e1 de relieve y recrear\u00e1, con diferentes dispositivos museogr\u00e1ficos, el trabajo realizado en la Ciudad Universitaria de Caracas a trav\u00e9s del proceso de recuperaci\u00f3n, restauraci\u00f3n y, en algunos casos, la reconstrucci\u00f3n y reciclado de edificaciones, las cuales, por su cambio de uso a lo largo de los a\u00f1os, amerit\u00f3 la reutilizaci\u00f3n de la construcci\u00f3n original\u201d, rese\u00f1a la misiva.<\/p>\n<p style=\"text-align: justify;\">\n<p style=\"text-align: justify;\">La Bienal de Venecia es la exposici\u00f3n internacional de Arte y Arquitectura de mayor prestigio en el mundo. En ella se re\u00fanen m\u00e1s de 60 pa\u00edses desde su inauguraci\u00f3n en 1895, siendo Venezuela el primer pa\u00eds suramericano en construir su propio pabell\u00f3n.<\/p>\n<p style=\"text-align: justify;\">\n<p>&nbsp;<\/p>\n<p>&nbsp;<\/p>\n<h6>VTV\/Gr\u00e1ficas: Cortes\u00eda<\/h6>\n","protected":false},"excerpt":{"rendered":"<p>Como cada a\u00f1o Venezuela dir\u00e1 presente en la XVIII edici\u00f3n de la Bienal de Venecia que se inaugura este viernes bajo el lema \u201cEl Laboratorio del Futuro\u201d. El pabell\u00f3n de&hellip; <\/p>\n","protected":false},"author":1,"featured_media":27786,"comment_status":"closed","ping_status":"closed","sticky":false,"template":"","format":"standard","meta":{"footnotes":""},"categories":[46],"tags":[],"class_list":["post-27784","post","type-post","status-publish","format-standard","has-post-thumbnail","hentry","category-cultura"],"_links":{"self":[{"href":"https:\/\/ciudadtrujillo.com\/index.php?rest_route=\/wp\/v2\/posts\/27784","targetHints":{"allow":["GET"]}}],"collection":[{"href":"https:\/\/ciudadtrujillo.com\/index.php?rest_route=\/wp\/v2\/posts"}],"about":[{"href":"https:\/\/ciudadtrujillo.com\/index.php?rest_route=\/wp\/v2\/types\/post"}],"author":[{"embeddable":true,"href":"https:\/\/ciudadtrujillo.com\/index.php?rest_route=\/wp\/v2\/users\/1"}],"replies":[{"embeddable":true,"href":"https:\/\/ciudadtrujillo.com\/index.php?rest_route=%2Fwp%2Fv2%2Fcomments&post=27784"}],"version-history":[{"count":1,"href":"https:\/\/ciudadtrujillo.com\/index.php?rest_route=\/wp\/v2\/posts\/27784\/revisions"}],"predecessor-version":[{"id":27787,"href":"https:\/\/ciudadtrujillo.com\/index.php?rest_route=\/wp\/v2\/posts\/27784\/revisions\/27787"}],"wp:featuredmedia":[{"embeddable":true,"href":"https:\/\/ciudadtrujillo.com\/index.php?rest_route=\/wp\/v2\/media\/27786"}],"wp:attachment":[{"href":"https:\/\/ciudadtrujillo.com\/index.php?rest_route=%2Fwp%2Fv2%2Fmedia&parent=27784"}],"wp:term":[{"taxonomy":"category","embeddable":true,"href":"https:\/\/ciudadtrujillo.com\/index.php?rest_route=%2Fwp%2Fv2%2Fcategories&post=27784"},{"taxonomy":"post_tag","embeddable":true,"href":"https:\/\/ciudadtrujillo.com\/index.php?rest_route=%2Fwp%2Fv2%2Ftags&post=27784"}],"curies":[{"name":"wp","href":"https:\/\/api.w.org\/{rel}","templated":true}]}}