{"id":27763,"date":"2023-05-16T16:39:15","date_gmt":"2023-05-16T20:39:15","guid":{"rendered":"http:\/\/ciudadtrujillo.com\/?p=27763"},"modified":"2023-05-16T16:39:15","modified_gmt":"2023-05-16T20:39:15","slug":"ejecutivo-regional-atiende-carretera-trujillo-zulia-con-asfaltado-y-limpieza-de-laterales","status":"publish","type":"post","link":"https:\/\/ciudadtrujillo.com\/?p=27763","title":{"rendered":"Ejecutivo regional atiende carretera Trujillo-Zulia con asfaltado y limpieza de laterales"},"content":{"rendered":"<p style=\"text-align: justify;\">En cumplimiento a las orientaciones del gobernador My. Gerardo M\u00e1rquez, el equipo de la Empresa de Asfalto del estado (Emastru), presidida por Humberto Saavedra, aborda la carretera panamericana Trujillo \u2013 Zulia con labores de asfaltado y limpieza de laterales de la v\u00eda en el municipio Andr\u00e9s Bello.<\/p>\n<p style=\"text-align: justify;\">Los trabajos se han desarrollado a la altura de los sectores El Gallo y El Encanto de la parroquia La Esperanza y en El Jag\u00fcito, donde se han colocado m\u00e1s de 150 toneladas de mezcla asf\u00e1ltica en bacheo y carpeta corrida con apoyo de un vibro compactador.<\/p>\n<p style=\"text-align: justify;\">Tambi\u00e9n, con la utilizaci\u00f3n de una m\u00e1quina retroexcavadora la fuerza laboral ha realizado la limpieza de laterales de la v\u00eda en diversos puntos. Cabe destacar que estos trabajos iniciaron el pasado lunes 8 de mayo.<\/p>\n<p>&nbsp;<\/p>\n<p>&nbsp;<\/p>\n<h6>Yelimar Hidalgo\/Gr\u00e1ficas: cortes\u00eda<\/h6>\n","protected":false},"excerpt":{"rendered":"<p>En cumplimiento a las orientaciones del gobernador My. Gerardo M\u00e1rquez, el equipo de la Empresa de Asfalto del estado (Emastru), presidida por Humberto Saavedra, aborda la carretera panamericana Trujillo \u2013&hellip; <\/p>\n","protected":false},"author":1,"featured_media":27765,"comment_status":"closed","ping_status":"closed","sticky":false,"template":"","format":"standard","meta":{"footnotes":""},"categories":[52,40],"tags":[],"class_list":["post-27763","post","type-post","status-publish","format-standard","has-post-thumbnail","hentry","category-destacadas","category-grantrujillo"],"_links":{"self":[{"href":"https:\/\/ciudadtrujillo.com\/index.php?rest_route=\/wp\/v2\/posts\/27763","targetHints":{"allow":["GET"]}}],"collection":[{"href":"https:\/\/ciudadtrujillo.com\/index.php?rest_route=\/wp\/v2\/posts"}],"about":[{"href":"https:\/\/ciudadtrujillo.com\/index.php?rest_route=\/wp\/v2\/types\/post"}],"author":[{"embeddable":true,"href":"https:\/\/ciudadtrujillo.com\/index.php?rest_route=\/wp\/v2\/users\/1"}],"replies":[{"embeddable":true,"href":"https:\/\/ciudadtrujillo.com\/index.php?rest_route=%2Fwp%2Fv2%2Fcomments&post=27763"}],"version-history":[{"count":1,"href":"https:\/\/ciudadtrujillo.com\/index.php?rest_route=\/wp\/v2\/posts\/27763\/revisions"}],"predecessor-version":[{"id":27766,"href":"https:\/\/ciudadtrujillo.com\/index.php?rest_route=\/wp\/v2\/posts\/27763\/revisions\/27766"}],"wp:featuredmedia":[{"embeddable":true,"href":"https:\/\/ciudadtrujillo.com\/index.php?rest_route=\/wp\/v2\/media\/27765"}],"wp:attachment":[{"href":"https:\/\/ciudadtrujillo.com\/index.php?rest_route=%2Fwp%2Fv2%2Fmedia&parent=27763"}],"wp:term":[{"taxonomy":"category","embeddable":true,"href":"https:\/\/ciudadtrujillo.com\/index.php?rest_route=%2Fwp%2Fv2%2Fcategories&post=27763"},{"taxonomy":"post_tag","embeddable":true,"href":"https:\/\/ciudadtrujillo.com\/index.php?rest_route=%2Fwp%2Fv2%2Ftags&post=27763"}],"curies":[{"name":"wp","href":"https:\/\/api.w.org\/{rel}","templated":true}]}}