{"id":27757,"date":"2023-05-16T16:34:58","date_gmt":"2023-05-16T20:34:58","guid":{"rendered":"http:\/\/ciudadtrujillo.com\/?p=27757"},"modified":"2023-05-16T16:34:58","modified_gmt":"2023-05-16T20:34:58","slug":"danzas-valera-celebra-42-anos-formando-talentos-en-la-region-trujillana","status":"publish","type":"post","link":"https:\/\/ciudadtrujillo.com\/?p=27757","title":{"rendered":"Danzas Valera celebra 42 a\u00f1os formando talentos en la regi\u00f3n trujillana"},"content":{"rendered":"<p style=\"text-align: justify;\">El Taller de Danzas Valera, fundado en el a\u00f1o 1981 por la profesora Auris Berrios, arrib\u00f3 a su cuadrag\u00e9simo segundo aniversario, sembrando en el coraz\u00f3n del pueblo trujillano amor por su cultura y contribuyendo con profundo respeto y amor a la formaci\u00f3n de centenares de ni\u00f1as y j\u00f3venes en el hermoso mundo de la danza.<\/p>\n<p style=\"text-align: justify;\">Nacido bajo el lema \u00abEl esp\u00edritu de la naturaleza es la danza de nuestros corazones\u00bb, el Taller de Danza Valera se ha convertido en referente del baile en la regi\u00f3n trujillana, proyectando su trabajo por m\u00e1s de cuatro d\u00e9cadas, durante las cuales ha formado a centenares j\u00f3venes, muchas de ellas vinculadas a\u00fan a la instituci\u00f3n como bailarinas e instructoras.<\/p>\n<p style=\"text-align: justify;\">\u201cLa valorizaci\u00f3n de las expresiones art\u00edsticas tiene que darse en funci\u00f3n de identificar el quehacer cultural de lo regional, en un sentido de crecimiento nacional, con miras de lograr establecer una aut\u00e9ntica manifestaci\u00f3n danc\u00edstica cultural en el estado Trujillo\u201d.<\/p>\n<p style=\"text-align: justify;\">As\u00ed lo indic\u00f3 la profesora Auris Berrios, actual directora del Centro Integral de las Artes de Valera (CIAV), quien se\u00f1al\u00f3 que el Taller de \u201cDanzas Valera\u201d, \u201ccumple una funci\u00f3n objetiva y desinteresada en el estado, contribuyendo a mantener vivas las tradiciones\u201d, esfuerzo y constancia que les vali\u00f3 el reconocimiento en el a\u00f1o 2009, junto a la Escuela de Danza y Ballet \u201cGladys Mota\u201d, como Patrimonio Cultural, por parte del Ministerio del Poder Popular para la Cultura (MPPC), adem\u00e1s de haber sido honradas con la Orden Ciudad de Valera en su \u00fanica clase, en el a\u00f1o 2012.<\/p>\n<p>&nbsp;<\/p>\n<p>&nbsp;<\/p>\n<h6>Prensa Incaet \/ Griselda Castellanos<\/h6>\n","protected":false},"excerpt":{"rendered":"<p>El Taller de Danzas Valera, fundado en el a\u00f1o 1981 por la profesora Auris Berrios, arrib\u00f3 a su cuadrag\u00e9simo segundo aniversario, sembrando en el coraz\u00f3n del pueblo trujillano amor por&hellip; <\/p>\n","protected":false},"author":1,"featured_media":27758,"comment_status":"closed","ping_status":"closed","sticky":false,"template":"","format":"standard","meta":{"footnotes":""},"categories":[40],"tags":[],"class_list":["post-27757","post","type-post","status-publish","format-standard","has-post-thumbnail","hentry","category-grantrujillo"],"_links":{"self":[{"href":"https:\/\/ciudadtrujillo.com\/index.php?rest_route=\/wp\/v2\/posts\/27757","targetHints":{"allow":["GET"]}}],"collection":[{"href":"https:\/\/ciudadtrujillo.com\/index.php?rest_route=\/wp\/v2\/posts"}],"about":[{"href":"https:\/\/ciudadtrujillo.com\/index.php?rest_route=\/wp\/v2\/types\/post"}],"author":[{"embeddable":true,"href":"https:\/\/ciudadtrujillo.com\/index.php?rest_route=\/wp\/v2\/users\/1"}],"replies":[{"embeddable":true,"href":"https:\/\/ciudadtrujillo.com\/index.php?rest_route=%2Fwp%2Fv2%2Fcomments&post=27757"}],"version-history":[{"count":1,"href":"https:\/\/ciudadtrujillo.com\/index.php?rest_route=\/wp\/v2\/posts\/27757\/revisions"}],"predecessor-version":[{"id":27759,"href":"https:\/\/ciudadtrujillo.com\/index.php?rest_route=\/wp\/v2\/posts\/27757\/revisions\/27759"}],"wp:featuredmedia":[{"embeddable":true,"href":"https:\/\/ciudadtrujillo.com\/index.php?rest_route=\/wp\/v2\/media\/27758"}],"wp:attachment":[{"href":"https:\/\/ciudadtrujillo.com\/index.php?rest_route=%2Fwp%2Fv2%2Fmedia&parent=27757"}],"wp:term":[{"taxonomy":"category","embeddable":true,"href":"https:\/\/ciudadtrujillo.com\/index.php?rest_route=%2Fwp%2Fv2%2Fcategories&post=27757"},{"taxonomy":"post_tag","embeddable":true,"href":"https:\/\/ciudadtrujillo.com\/index.php?rest_route=%2Fwp%2Fv2%2Ftags&post=27757"}],"curies":[{"name":"wp","href":"https:\/\/api.w.org\/{rel}","templated":true}]}}