{"id":27754,"date":"2023-05-16T16:32:33","date_gmt":"2023-05-16T20:32:33","guid":{"rendered":"http:\/\/ciudadtrujillo.com\/?p=27754"},"modified":"2023-05-16T16:32:33","modified_gmt":"2023-05-16T20:32:33","slug":"trujillana-destaco-en-la-3era-valida-de-la-copa-estadal-de-ciclismo-menor-en-tachira","status":"publish","type":"post","link":"https:\/\/ciudadtrujillo.com\/?p=27754","title":{"rendered":"Trujillana destac\u00f3 en la 3era V\u00e1lida de la Copa Estadal de Ciclismo Menor en T\u00e1chira"},"content":{"rendered":"<p style=\"text-align: justify;\">El pasado fin de semana la atleta trujillana Luc\u00eda Nelimar Cabrera obtuvo el 1er Lugar en la categor\u00eda exhibici\u00f3n \u00abB\u00bb (7 y 8 a\u00f1os) de la 3era V\u00e1lida de la Copa Estadal de Ciclismo Menor en la localidad de Capacho, estado T\u00e1chira.<\/p>\n<p style=\"text-align: justify;\">La ciclista pertenece a la Escuela de Ciclismo Dinast\u00eda Cabrera y se impuso en los primeros lugares para la alegr\u00eda de los trujillanos.<\/p>\n<p style=\"text-align: justify;\">Esta copa se ha disputado durante cada fin de semana de estos meses de abril y mayo. Esta es la tercera de cinco v\u00e1lidas acumulativas en puntos, la primera fue en Rubio y la segunda en San Crist\u00f3bal.<\/p>\n<p style=\"text-align: justify;\">El evento es organizado por los clubes del estado y cuenta con el apoyo de la gobernaci\u00f3n del estado, la alcald\u00eda de San Crist\u00f3bal, el Instituto del Deporte Tachirense, la Federaci\u00f3n Venezolana de Ciclismo, la Asociaci\u00f3n Tachirense de Ciclismo, la Polic\u00eda del estado y municipal, la Guardia Nacional Bolivariana, los Bomberos, la empresa privada y la afici\u00f3n del ciclismo, refieren medios locales.<\/p>\n<p>&nbsp;<\/p>\n<p>&nbsp;<\/p>\n<h6>Eliph Catalina Fern\u00e1ndez\/Gr\u00e1ficas: Cortes\u00eda Indet<\/h6>\n","protected":false},"excerpt":{"rendered":"<p>El pasado fin de semana la atleta trujillana Luc\u00eda Nelimar Cabrera obtuvo el 1er Lugar en la categor\u00eda exhibici\u00f3n \u00abB\u00bb (7 y 8 a\u00f1os) de la 3era V\u00e1lida de la&hellip; <\/p>\n","protected":false},"author":1,"featured_media":27755,"comment_status":"closed","ping_status":"closed","sticky":false,"template":"","format":"standard","meta":{"footnotes":""},"categories":[40],"tags":[],"class_list":["post-27754","post","type-post","status-publish","format-standard","has-post-thumbnail","hentry","category-grantrujillo"],"_links":{"self":[{"href":"https:\/\/ciudadtrujillo.com\/index.php?rest_route=\/wp\/v2\/posts\/27754","targetHints":{"allow":["GET"]}}],"collection":[{"href":"https:\/\/ciudadtrujillo.com\/index.php?rest_route=\/wp\/v2\/posts"}],"about":[{"href":"https:\/\/ciudadtrujillo.com\/index.php?rest_route=\/wp\/v2\/types\/post"}],"author":[{"embeddable":true,"href":"https:\/\/ciudadtrujillo.com\/index.php?rest_route=\/wp\/v2\/users\/1"}],"replies":[{"embeddable":true,"href":"https:\/\/ciudadtrujillo.com\/index.php?rest_route=%2Fwp%2Fv2%2Fcomments&post=27754"}],"version-history":[{"count":1,"href":"https:\/\/ciudadtrujillo.com\/index.php?rest_route=\/wp\/v2\/posts\/27754\/revisions"}],"predecessor-version":[{"id":27756,"href":"https:\/\/ciudadtrujillo.com\/index.php?rest_route=\/wp\/v2\/posts\/27754\/revisions\/27756"}],"wp:featuredmedia":[{"embeddable":true,"href":"https:\/\/ciudadtrujillo.com\/index.php?rest_route=\/wp\/v2\/media\/27755"}],"wp:attachment":[{"href":"https:\/\/ciudadtrujillo.com\/index.php?rest_route=%2Fwp%2Fv2%2Fmedia&parent=27754"}],"wp:term":[{"taxonomy":"category","embeddable":true,"href":"https:\/\/ciudadtrujillo.com\/index.php?rest_route=%2Fwp%2Fv2%2Fcategories&post=27754"},{"taxonomy":"post_tag","embeddable":true,"href":"https:\/\/ciudadtrujillo.com\/index.php?rest_route=%2Fwp%2Fv2%2Ftags&post=27754"}],"curies":[{"name":"wp","href":"https:\/\/api.w.org\/{rel}","templated":true}]}}