{"id":27737,"date":"2023-05-15T23:37:06","date_gmt":"2023-05-16T03:37:06","guid":{"rendered":"http:\/\/ciudadtrujillo.com\/?p=27737"},"modified":"2023-05-15T23:37:06","modified_gmt":"2023-05-16T03:37:06","slug":"gobierno-bolivariano-atendio-a-mas-de-mil-familias-de-pampanito-con-feria-del-campo-soberano","status":"publish","type":"post","link":"https:\/\/ciudadtrujillo.com\/?p=27737","title":{"rendered":"Gobierno Bolivariano atendi\u00f3 a m\u00e1s de mil familias de Pampanito con Feria del Campo Soberano"},"content":{"rendered":"<p style=\"text-align: justify;\">Como parte de las orientadas del gobernador My. Gerardo M\u00e1rquez en funci\u00f3n de garantizar la alimentaci\u00f3n a la poblaci\u00f3n, m\u00e1s de mil familias del sector Mucuche, parroquia la Concepci\u00f3n del municipio Pampanito fueron atendidas con la entrega de combos de hortalizas y prote\u00ednas, acci\u00f3n que se desarrolla por parte del Ministerio del Poder Popular de Alimentaci\u00f3n (Minppal) y la Direcci\u00f3n de Desarrollo Agroecol\u00f3gico.<\/p>\n<p style=\"text-align: justify;\">Las personas fueron atendidas a trav\u00e9s de las Ferias del Campo Soberano y Ferias Agrofamiliares, as\u00ed lo inform\u00f3 el representante de la direcci\u00f3n antes mencionada, Ing. Carlos Gil, quien agreg\u00f3 que el objetivo es llevar los alimentos a precios accesibles.<\/p>\n<p style=\"text-align: justify;\">Las familias recibieron rubros como zanahoria, cilantro, repollo, papa, calabac\u00edn, pollo, entre otros. Estas son parte de las acciones que desarrolla el gobierno regional con el prop\u00f3sito de alcanzar la soberan\u00eda alimentaria en el territorio.<\/p>\n<p style=\"text-align: justify;\">Por otra parte, la fuerza trabajadora de la Compa\u00f1\u00eda An\u00f3nima Nacional Tel\u00e9fonos de Venezuela (Cantv), en el municipio Valera, recibi\u00f3 el beneficio de combos de hortalizas.<\/p>\n<p style=\"text-align: justify;\">En este sentido, el director destac\u00f3 el esfuerzo de los productores, quienes son los encargados de trasladar los rubros. \u00abEs un gesto de solidaridad y compromiso revolucionario de colaborar de manera entusiasta con las pol\u00edticas sociales puesta en marcha por el gobernador My. Gerardo M\u00e1rquez\u00bb, subray\u00f3.<\/p>\n<p style=\"text-align: justify;\">En el estado Trujillo se llevan a cabo estos planes sociales impulsados por el presidente Nicol\u00e1s Maduro, los cuales cuentan con el apoyo del mandatario regional.<\/p>\n<p>&nbsp;<\/p>\n<p>&nbsp;<\/p>\n<h6>Prensa Desarrollo Agroecol\u00f3gico\/Gr\u00e1ficas: Cortes\u00eda<\/h6>\n","protected":false},"excerpt":{"rendered":"<p>Como parte de las orientadas del gobernador My. Gerardo M\u00e1rquez en funci\u00f3n de garantizar la alimentaci\u00f3n a la poblaci\u00f3n, m\u00e1s de mil familias del sector Mucuche, parroquia la Concepci\u00f3n del&hellip; <\/p>\n","protected":false},"author":1,"featured_media":27738,"comment_status":"closed","ping_status":"closed","sticky":false,"template":"","format":"standard","meta":{"footnotes":""},"categories":[40],"tags":[],"class_list":["post-27737","post","type-post","status-publish","format-standard","has-post-thumbnail","hentry","category-grantrujillo"],"_links":{"self":[{"href":"https:\/\/ciudadtrujillo.com\/index.php?rest_route=\/wp\/v2\/posts\/27737","targetHints":{"allow":["GET"]}}],"collection":[{"href":"https:\/\/ciudadtrujillo.com\/index.php?rest_route=\/wp\/v2\/posts"}],"about":[{"href":"https:\/\/ciudadtrujillo.com\/index.php?rest_route=\/wp\/v2\/types\/post"}],"author":[{"embeddable":true,"href":"https:\/\/ciudadtrujillo.com\/index.php?rest_route=\/wp\/v2\/users\/1"}],"replies":[{"embeddable":true,"href":"https:\/\/ciudadtrujillo.com\/index.php?rest_route=%2Fwp%2Fv2%2Fcomments&post=27737"}],"version-history":[{"count":1,"href":"https:\/\/ciudadtrujillo.com\/index.php?rest_route=\/wp\/v2\/posts\/27737\/revisions"}],"predecessor-version":[{"id":27739,"href":"https:\/\/ciudadtrujillo.com\/index.php?rest_route=\/wp\/v2\/posts\/27737\/revisions\/27739"}],"wp:featuredmedia":[{"embeddable":true,"href":"https:\/\/ciudadtrujillo.com\/index.php?rest_route=\/wp\/v2\/media\/27738"}],"wp:attachment":[{"href":"https:\/\/ciudadtrujillo.com\/index.php?rest_route=%2Fwp%2Fv2%2Fmedia&parent=27737"}],"wp:term":[{"taxonomy":"category","embeddable":true,"href":"https:\/\/ciudadtrujillo.com\/index.php?rest_route=%2Fwp%2Fv2%2Fcategories&post=27737"},{"taxonomy":"post_tag","embeddable":true,"href":"https:\/\/ciudadtrujillo.com\/index.php?rest_route=%2Fwp%2Fv2%2Ftags&post=27737"}],"curies":[{"name":"wp","href":"https:\/\/api.w.org\/{rel}","templated":true}]}}