{"id":27734,"date":"2023-05-15T23:33:27","date_gmt":"2023-05-16T03:33:27","guid":{"rendered":"http:\/\/ciudadtrujillo.com\/?p=27734"},"modified":"2023-05-15T23:33:27","modified_gmt":"2023-05-16T03:33:27","slug":"jornada-quirurgica-favorece-a-ninos-con-cataratas-congenitas-en-hospital-de-valera","status":"publish","type":"post","link":"https:\/\/ciudadtrujillo.com\/?p=27734","title":{"rendered":"Jornada quir\u00fargica favorece a ni\u00f1os con cataratas cong\u00e9nitas en Hospital de Valera"},"content":{"rendered":"<p style=\"text-align: justify;\">La Fundaci\u00f3n Trujillana de la Salud (Fundasalud) con el apoyo del Ministerio del Poder Popular para la Salud, y del gobernador My. Gerardo M\u00e1rquez, sigue intensificando el Plan Quir\u00fargico Regional para la atenci\u00f3n de los m\u00e1s vulnerables. En d\u00edas recientes desde los quir\u00f3fanos del Hospital Universitario Dr. Pedro Emilio Carrillo, se realiz\u00f3 una jornada de oftalmolog\u00eda infantil.<\/p>\n<p style=\"text-align: justify;\">\u00abSe brind\u00f3 resoluci\u00f3n quir\u00fargica a ocho ni\u00f1os con cataratas cong\u00e9nitas, cuatro de ellos con cataratas bilaterales. Lo que significa que esos ni\u00f1os est\u00e1n recibiendo un rayo de luz a sus vidas\u00bb, se\u00f1al\u00f3 la directora de la Red Hospitalaria Estadal, Yenni Hern\u00e1ndez, desde el Hospital de Valera.<\/p>\n<p style=\"text-align: justify;\">Asimismo, destac\u00f3 el trabajo articulado de las instituciones gubernamentales y profesionales de la salud para llevar a cabo una labor tan significativa.<\/p>\n<p>&nbsp;<\/p>\n<p>&nbsp;<\/p>\n<h6>Prensa Fundasalud\/Gr\u00e1ficas: Cortes\u00eda<\/h6>\n","protected":false},"excerpt":{"rendered":"<p>La Fundaci\u00f3n Trujillana de la Salud (Fundasalud) con el apoyo del Ministerio del Poder Popular para la Salud, y del gobernador My. Gerardo M\u00e1rquez, sigue intensificando el Plan Quir\u00fargico Regional&hellip; <\/p>\n","protected":false},"author":1,"featured_media":27735,"comment_status":"closed","ping_status":"closed","sticky":false,"template":"","format":"standard","meta":{"footnotes":""},"categories":[40],"tags":[],"class_list":["post-27734","post","type-post","status-publish","format-standard","has-post-thumbnail","hentry","category-grantrujillo"],"_links":{"self":[{"href":"https:\/\/ciudadtrujillo.com\/index.php?rest_route=\/wp\/v2\/posts\/27734","targetHints":{"allow":["GET"]}}],"collection":[{"href":"https:\/\/ciudadtrujillo.com\/index.php?rest_route=\/wp\/v2\/posts"}],"about":[{"href":"https:\/\/ciudadtrujillo.com\/index.php?rest_route=\/wp\/v2\/types\/post"}],"author":[{"embeddable":true,"href":"https:\/\/ciudadtrujillo.com\/index.php?rest_route=\/wp\/v2\/users\/1"}],"replies":[{"embeddable":true,"href":"https:\/\/ciudadtrujillo.com\/index.php?rest_route=%2Fwp%2Fv2%2Fcomments&post=27734"}],"version-history":[{"count":1,"href":"https:\/\/ciudadtrujillo.com\/index.php?rest_route=\/wp\/v2\/posts\/27734\/revisions"}],"predecessor-version":[{"id":27736,"href":"https:\/\/ciudadtrujillo.com\/index.php?rest_route=\/wp\/v2\/posts\/27734\/revisions\/27736"}],"wp:featuredmedia":[{"embeddable":true,"href":"https:\/\/ciudadtrujillo.com\/index.php?rest_route=\/wp\/v2\/media\/27735"}],"wp:attachment":[{"href":"https:\/\/ciudadtrujillo.com\/index.php?rest_route=%2Fwp%2Fv2%2Fmedia&parent=27734"}],"wp:term":[{"taxonomy":"category","embeddable":true,"href":"https:\/\/ciudadtrujillo.com\/index.php?rest_route=%2Fwp%2Fv2%2Fcategories&post=27734"},{"taxonomy":"post_tag","embeddable":true,"href":"https:\/\/ciudadtrujillo.com\/index.php?rest_route=%2Fwp%2Fv2%2Ftags&post=27734"}],"curies":[{"name":"wp","href":"https:\/\/api.w.org\/{rel}","templated":true}]}}