{"id":27731,"date":"2023-05-15T23:31:46","date_gmt":"2023-05-16T03:31:46","guid":{"rendered":"http:\/\/ciudadtrujillo.com\/?p=27731"},"modified":"2023-05-15T23:31:46","modified_gmt":"2023-05-16T03:31:46","slug":"trujillano-marcos-hidalgo-presento-plan-osos-gente-y-cafe-para-promover-la-caficultura-organica","status":"publish","type":"post","link":"https:\/\/ciudadtrujillo.com\/?p=27731","title":{"rendered":"Trujillano Marcos Hidalgo present\u00f3 plan \u201cOsos, gente y caf\u00e9\u201d para promover la caficultura org\u00e1nica"},"content":{"rendered":"<p style=\"text-align: justify;\">En la cuarta edici\u00f3n del programa Con Maduro +, segmento Conociendo A, estuvo el ingeniero trujillano Marcos Hidalgo, quien present\u00f3 el plan \u00abOso, gente y caf\u00e9\u201d, que impulsa la caficultura org\u00e1nica entre los parques Guaramacal y Ramal de Caldera.<\/p>\n<p style=\"text-align: justify;\">Adem\u00e1s especific\u00f3 que es necesario seguir uniendo esfuerzos para preservar al Oso Frontino, especie en peligro de extinci\u00f3n y que vive en los pa\u00edses bolivarianos como Bolivia, Colombia, Ecuador, Per\u00fa y Venezuela.<\/p>\n<p style=\"text-align: justify;\">Hidalgo explic\u00f3 la importancia del decreto del parque Ramal de Calderas, ubicado entre los estados Trujillo, Barinas y M\u00e9rida, como Parque Nacional en 2021, pues ha permitido la protecci\u00f3n del oso. Detall\u00f3 adem\u00e1s el sistema de c\u00e1maras trampa para conocer su h\u00e1bitat y formas de interacci\u00f3n.<\/p>\n<p style=\"text-align: justify;\">Asimismo, detall\u00f3 que los organismo regionales, la empresa privada, las universidades y otros trabajan de manera conjunta para la protecci\u00f3n de la naturaleza, por lo que han establecido dos l\u00edneas de acci\u00f3n: Educaci\u00f3n Rural Comunitaria y Desarrollo Local Sostenible.<\/p>\n<p style=\"text-align: justify;\">Adem\u00e1s, el l\u00edder del proyecto agreg\u00f3 que seg\u00fan el plan de acci\u00f3n en el a\u00f1o 2007 reflej\u00f3 la existencia de aproximadamente 1.546 osos frontinos, especie que se encuentra en peligro de extinci\u00f3n.<\/p>\n<p style=\"text-align: justify;\">En tal sentido, el presidente de la Rep\u00fablica, Nicol\u00e1s Maduro exhort\u00f3 a la poblaci\u00f3n venezolana a defender los espacios verdes de la naci\u00f3n, \u00abla amazonia, los andes, las monta\u00f1as, lagos, parques&#8230; \u00ab. Es un trabajo que se debe mantener por la conservaci\u00f3n del pa\u00eds para las futuras generaciones.<\/p>\n<p style=\"text-align: justify;\">Por su parte el ministro para el Ecosocislismo, Josu\u00e9 Lorca, se\u00f1al\u00f3 que es fundamental la conservaci\u00f3n de las especies en extinci\u00f3n y en especial el Oso Frontino, por lo que se ha emprendido una campa\u00f1a \u00abporque es el oso de Venezuela\u00bb.<\/p>\n<p>&nbsp;<\/p>\n<p>&nbsp;<\/p>\n<h6>Rossiel Hurtado \/ Eliph Fern\u00e1ndez\/Gr\u00e1ficas: Cortes\u00eda<\/h6>\n","protected":false},"excerpt":{"rendered":"<p>En la cuarta edici\u00f3n del programa Con Maduro +, segmento Conociendo A, estuvo el ingeniero trujillano Marcos Hidalgo, quien present\u00f3 el plan \u00abOso, gente y caf\u00e9\u201d, que impulsa la caficultura&hellip; <\/p>\n","protected":false},"author":1,"featured_media":27732,"comment_status":"closed","ping_status":"closed","sticky":false,"template":"","format":"standard","meta":{"footnotes":""},"categories":[40],"tags":[],"class_list":["post-27731","post","type-post","status-publish","format-standard","has-post-thumbnail","hentry","category-grantrujillo"],"_links":{"self":[{"href":"https:\/\/ciudadtrujillo.com\/index.php?rest_route=\/wp\/v2\/posts\/27731","targetHints":{"allow":["GET"]}}],"collection":[{"href":"https:\/\/ciudadtrujillo.com\/index.php?rest_route=\/wp\/v2\/posts"}],"about":[{"href":"https:\/\/ciudadtrujillo.com\/index.php?rest_route=\/wp\/v2\/types\/post"}],"author":[{"embeddable":true,"href":"https:\/\/ciudadtrujillo.com\/index.php?rest_route=\/wp\/v2\/users\/1"}],"replies":[{"embeddable":true,"href":"https:\/\/ciudadtrujillo.com\/index.php?rest_route=%2Fwp%2Fv2%2Fcomments&post=27731"}],"version-history":[{"count":1,"href":"https:\/\/ciudadtrujillo.com\/index.php?rest_route=\/wp\/v2\/posts\/27731\/revisions"}],"predecessor-version":[{"id":27733,"href":"https:\/\/ciudadtrujillo.com\/index.php?rest_route=\/wp\/v2\/posts\/27731\/revisions\/27733"}],"wp:featuredmedia":[{"embeddable":true,"href":"https:\/\/ciudadtrujillo.com\/index.php?rest_route=\/wp\/v2\/media\/27732"}],"wp:attachment":[{"href":"https:\/\/ciudadtrujillo.com\/index.php?rest_route=%2Fwp%2Fv2%2Fmedia&parent=27731"}],"wp:term":[{"taxonomy":"category","embeddable":true,"href":"https:\/\/ciudadtrujillo.com\/index.php?rest_route=%2Fwp%2Fv2%2Fcategories&post=27731"},{"taxonomy":"post_tag","embeddable":true,"href":"https:\/\/ciudadtrujillo.com\/index.php?rest_route=%2Fwp%2Fv2%2Ftags&post=27731"}],"curies":[{"name":"wp","href":"https:\/\/api.w.org\/{rel}","templated":true}]}}