{"id":27728,"date":"2023-05-15T23:28:41","date_gmt":"2023-05-16T03:28:41","guid":{"rendered":"http:\/\/ciudadtrujillo.com\/?p=27728"},"modified":"2023-05-15T23:28:41","modified_gmt":"2023-05-16T03:28:41","slug":"realizan-torneo-de-ajedrez-copa-dia-de-las-madres-en-valera","status":"publish","type":"post","link":"https:\/\/ciudadtrujillo.com\/?p=27728","title":{"rendered":"Realizan torneo de ajedrez \u00abCopa D\u00eda de las Madres\u00bb en Valera"},"content":{"rendered":"<p style=\"text-align: justify;\">Este s\u00e1bado se llev\u00f3 a cabo un IRT (Torneo Internacional de Clasificaci\u00f3n) de ajedrez r\u00e1pido \u00abCopa D\u00eda de las Madres\u00bb, en la Casa del Ajedrez, \u00abAleidi Mart\u00ednez\u00bb, municipio Valera.<\/p>\n<p style=\"text-align: justify;\">El evento fue organizado por la Asociaci\u00f3n Trujillana de Ajedrez, y consisti\u00f3 en un sistema suizo de siete rondas con tiempo 15+10. Cont\u00f3 con la participaci\u00f3n de los atletas y p\u00fablico en general para as\u00ed conmemorar esta fecha especial. Los resultados finales fueron primer lugar para Ram\u00f3n Zambrano, segundo para Miguel Herize y tercero para Jos\u00e9 Daniel Barreto.<\/p>\n<p style=\"text-align: justify;\">\nEl experimentado entrenador Nacional Ram\u00f3n Zambrano se impuso y acumul\u00f3 5,5 puntos de 7 posibles, logr\u00f3 un mejor desempate t\u00e9cnico ya que empat\u00f3 en puntos con Miguel Herize y Barreto Jos\u00e9 Daniel. Herize, Barreto y Zambrano protagonizaron una dura lucha por el campeonato, inclusive quedaron empatados en puntos, pero a la final ser\u00eda Zambrano quien se impondr\u00eda por mejor desempate, relegando al segundo y tercer lugar a Herize y el Juvenil Barreto.<\/p>\n<p style=\"text-align: justify;\">El cuarto lugar se lo llev\u00f3 otro experimentado jugador, \u00d3scar Hern\u00e1ndez, quien acumul\u00f3 5 puntos y mejor sistema de desempate que el infantil Jes\u00fas Rojas y el juvenil Toro Reiferson, todos con 5 puntos. Al final Rojas se llev\u00f3 el mejor infantil y Toro el mejor Juvenil.<\/p>\n<p style=\"text-align: justify;\">El mejor femenino se lo llev\u00f3 Ter\u00e1n Mariana por mejor desempate que Larreal Rosa, Brice\u00f1o Yesenia y Araujo Gilary, todas con 4 puntos.<\/p>\n<p style=\"text-align: justify;\">Igualmente se premi\u00f3 a los m\u00e1s peque\u00f1os del certamen, como lo son Portillo Manuel y el peque\u00f1o de 6 a\u00f1os, \u00c1ngel Villegas, quienes a pesar de su corta edad lo hicieron muy bien, jugando por primera vez este tipo de eventos.<\/p>\n<p style=\"text-align: justify;\">Resalta la excelente participaci\u00f3n de los compa\u00f1eros del municipio Miranda, del estado M\u00e9rida, quienes se integran a este tipo de torneos y estar\u00e1n participando de nuestro calendario de competencias, el Club Ases del Futuro lo encabeza el experimentado atleta H\u00e9ctor Otero.<\/p>\n<p style=\"text-align: justify;\">Este evento fue v\u00e1lido para el ranking Internacional de Ajedrez (Elo) en la modalidad R\u00e1pido, lo que permiti\u00f3 a varios jugadores subir su Elo y otros que no contaban con su identificaci\u00f3n en la Federaci\u00f3n Internacional de Ajedrez (Fide) poder optar a \u00e9l.<\/p>\n<p style=\"text-align: justify;\">\n<p>&nbsp;<\/p>\n<p>&nbsp;<\/p>\n<h6>Prensa Indet\/Gr\u00e1ficas: Cortes\u00eda<\/h6>\n","protected":false},"excerpt":{"rendered":"<p>Este s\u00e1bado se llev\u00f3 a cabo un IRT (Torneo Internacional de Clasificaci\u00f3n) de ajedrez r\u00e1pido \u00abCopa D\u00eda de las Madres\u00bb, en la Casa del Ajedrez, \u00abAleidi Mart\u00ednez\u00bb, municipio Valera. El&hellip; <\/p>\n","protected":false},"author":1,"featured_media":27729,"comment_status":"closed","ping_status":"closed","sticky":false,"template":"","format":"standard","meta":{"footnotes":""},"categories":[40],"tags":[],"class_list":["post-27728","post","type-post","status-publish","format-standard","has-post-thumbnail","hentry","category-grantrujillo"],"_links":{"self":[{"href":"https:\/\/ciudadtrujillo.com\/index.php?rest_route=\/wp\/v2\/posts\/27728","targetHints":{"allow":["GET"]}}],"collection":[{"href":"https:\/\/ciudadtrujillo.com\/index.php?rest_route=\/wp\/v2\/posts"}],"about":[{"href":"https:\/\/ciudadtrujillo.com\/index.php?rest_route=\/wp\/v2\/types\/post"}],"author":[{"embeddable":true,"href":"https:\/\/ciudadtrujillo.com\/index.php?rest_route=\/wp\/v2\/users\/1"}],"replies":[{"embeddable":true,"href":"https:\/\/ciudadtrujillo.com\/index.php?rest_route=%2Fwp%2Fv2%2Fcomments&post=27728"}],"version-history":[{"count":1,"href":"https:\/\/ciudadtrujillo.com\/index.php?rest_route=\/wp\/v2\/posts\/27728\/revisions"}],"predecessor-version":[{"id":27730,"href":"https:\/\/ciudadtrujillo.com\/index.php?rest_route=\/wp\/v2\/posts\/27728\/revisions\/27730"}],"wp:featuredmedia":[{"embeddable":true,"href":"https:\/\/ciudadtrujillo.com\/index.php?rest_route=\/wp\/v2\/media\/27729"}],"wp:attachment":[{"href":"https:\/\/ciudadtrujillo.com\/index.php?rest_route=%2Fwp%2Fv2%2Fmedia&parent=27728"}],"wp:term":[{"taxonomy":"category","embeddable":true,"href":"https:\/\/ciudadtrujillo.com\/index.php?rest_route=%2Fwp%2Fv2%2Fcategories&post=27728"},{"taxonomy":"post_tag","embeddable":true,"href":"https:\/\/ciudadtrujillo.com\/index.php?rest_route=%2Fwp%2Fv2%2Ftags&post=27728"}],"curies":[{"name":"wp","href":"https:\/\/api.w.org\/{rel}","templated":true}]}}