{"id":27710,"date":"2023-05-14T16:46:25","date_gmt":"2023-05-14T20:46:25","guid":{"rendered":"http:\/\/ciudadtrujillo.com\/?p=27710"},"modified":"2023-05-14T16:46:25","modified_gmt":"2023-05-14T20:46:25","slug":"atienden-en-trujillo-capital-a-mas-de-600-personas-con-plan-de-proteccion-social-en-mi-escuela","status":"publish","type":"post","link":"https:\/\/ciudadtrujillo.com\/?p=27710","title":{"rendered":"Atienden en Trujillo capital a m\u00e1s de 600 personas con Plan de Protecci\u00f3n Social en mi Escuela"},"content":{"rendered":"<p style=\"text-align: justify;\">En cumplimiento a las orientaciones del gobernador My. Gerardo M\u00e1rquez y del alcalde Carlos Ter\u00e1n, en el municipio Trujillo, espec\u00edficamente en el Liceo Jos\u00e9 Antonio Abreu de la parroquia Matriz, el equipo del gabinete social de la municipalidad, junto al agrupamiento social de la gobernaci\u00f3n, llev\u00f3 a cabo una jornada de atenci\u00f3n a estudiantes y personal docente y administrativo de dicho plantel como parte de la Agenda Concreta de Acci\u00f3n.<\/p>\n<p style=\"text-align: justify;\">La jornada form\u00f3 parte del Plan de Protecci\u00f3n Social en mi Escuela, con la cual se favorecieron 636 personas entre estudiantes y el personal de planta.<\/p>\n<p style=\"text-align: justify;\">En dicho despliegue se vincularon 19 instituciones gubernamentales junto a las misiones y grandes misiones, logr\u00e1ndose la entrega gratuita de m\u00e1s de 6 mil 930 unidosis de medicamentos.<\/p>\n<p style=\"text-align: justify;\">Tambi\u00e9n se ofreci\u00f3 atenci\u00f3n m\u00e9dica en diversas \u00e1reas, valoraci\u00f3n nutricional, desparasitaci\u00f3n y entrega de suplementos vitam\u00ednicos. Entre otros servicios gratuitos, se realiz\u00f3 corte de cabello, atenci\u00f3n visual y carnetizaci\u00f3n digital.<\/p>\n<p>&nbsp;<\/p>\n<p>&nbsp;<\/p>\n<h6>Prensa alcald\u00eda de Trujillo\/Gr\u00e1ficas: cortes\u00eda<\/h6>\n","protected":false},"excerpt":{"rendered":"<p>En cumplimiento a las orientaciones del gobernador My. Gerardo M\u00e1rquez y del alcalde Carlos Ter\u00e1n, en el municipio Trujillo, espec\u00edficamente en el Liceo Jos\u00e9 Antonio Abreu de la parroquia Matriz,&hellip; <\/p>\n","protected":false},"author":1,"featured_media":0,"comment_status":"closed","ping_status":"closed","sticky":false,"template":"","format":"standard","meta":{"footnotes":""},"categories":[40],"tags":[],"class_list":["post-27710","post","type-post","status-publish","format-standard","hentry","category-grantrujillo"],"_links":{"self":[{"href":"https:\/\/ciudadtrujillo.com\/index.php?rest_route=\/wp\/v2\/posts\/27710","targetHints":{"allow":["GET"]}}],"collection":[{"href":"https:\/\/ciudadtrujillo.com\/index.php?rest_route=\/wp\/v2\/posts"}],"about":[{"href":"https:\/\/ciudadtrujillo.com\/index.php?rest_route=\/wp\/v2\/types\/post"}],"author":[{"embeddable":true,"href":"https:\/\/ciudadtrujillo.com\/index.php?rest_route=\/wp\/v2\/users\/1"}],"replies":[{"embeddable":true,"href":"https:\/\/ciudadtrujillo.com\/index.php?rest_route=%2Fwp%2Fv2%2Fcomments&post=27710"}],"version-history":[{"count":1,"href":"https:\/\/ciudadtrujillo.com\/index.php?rest_route=\/wp\/v2\/posts\/27710\/revisions"}],"predecessor-version":[{"id":27711,"href":"https:\/\/ciudadtrujillo.com\/index.php?rest_route=\/wp\/v2\/posts\/27710\/revisions\/27711"}],"wp:attachment":[{"href":"https:\/\/ciudadtrujillo.com\/index.php?rest_route=%2Fwp%2Fv2%2Fmedia&parent=27710"}],"wp:term":[{"taxonomy":"category","embeddable":true,"href":"https:\/\/ciudadtrujillo.com\/index.php?rest_route=%2Fwp%2Fv2%2Fcategories&post=27710"},{"taxonomy":"post_tag","embeddable":true,"href":"https:\/\/ciudadtrujillo.com\/index.php?rest_route=%2Fwp%2Fv2%2Ftags&post=27710"}],"curies":[{"name":"wp","href":"https:\/\/api.w.org\/{rel}","templated":true}]}}