{"id":27707,"date":"2023-05-14T16:43:27","date_gmt":"2023-05-14T20:43:27","guid":{"rendered":"http:\/\/ciudadtrujillo.com\/?p=27707"},"modified":"2023-05-14T16:43:27","modified_gmt":"2023-05-14T20:43:27","slug":"construccion-de-la-sala-de-embarque-del-aeropuerto-antonio-nicolas-briceno-ya-esta-en-su-etapa-final","status":"publish","type":"post","link":"https:\/\/ciudadtrujillo.com\/?p=27707","title":{"rendered":"Construcci\u00f3n de la sala de embarque del aeropuerto Antonio Nicol\u00e1s Brice\u00f1o ya est\u00e1 en su etapa final"},"content":{"rendered":"<p style=\"text-align: justify;\">La directora de la Empresa Trujillana de Proyectos de Infraestructura y Vivienda (Etproinvi), Elba Gonz\u00e1lez, inform\u00f3 que la construcci\u00f3n y adecuaci\u00f3n de la sala de embarque del aeropuerto Antonio Nicol\u00e1s Brice\u00f1o, municipio San Rafael de Carvajal, ya est\u00e1 en su fase final.<\/p>\n<p style=\"text-align: justify;\">Coment\u00f3 que en dichos trabajos se coloc\u00f3 porcelanato, drywall en el techo, paredes con estuco veneciano (revestimiento moderno), instalaci\u00f3n de aguas blancas, servidas y del sistema el\u00e9ctrico, entre otros.<\/p>\n<p style=\"text-align: justify;\">Gonz\u00e1lez destac\u00f3 que ser\u00e1 una sala moderna porque \u201ccuenta con el espacio del cafet\u00edn, tanto en la parte interna de sala est\u00e9ril como en la externa, para todo aquel visitante del aeropuerto\u201d.<\/p>\n<p>&nbsp;<\/p>\n<p>&nbsp;<\/p>\n<h6>Eliph Catalina Fern\u00e1ndez\/Gr\u00e1ficas: Cortes\u00eda<\/h6>\n","protected":false},"excerpt":{"rendered":"<p>La directora de la Empresa Trujillana de Proyectos de Infraestructura y Vivienda (Etproinvi), Elba Gonz\u00e1lez, inform\u00f3 que la construcci\u00f3n y adecuaci\u00f3n de la sala de embarque del aeropuerto Antonio Nicol\u00e1s&hellip; <\/p>\n","protected":false},"author":1,"featured_media":27708,"comment_status":"closed","ping_status":"closed","sticky":false,"template":"","format":"standard","meta":{"footnotes":""},"categories":[40],"tags":[],"class_list":["post-27707","post","type-post","status-publish","format-standard","has-post-thumbnail","hentry","category-grantrujillo"],"_links":{"self":[{"href":"https:\/\/ciudadtrujillo.com\/index.php?rest_route=\/wp\/v2\/posts\/27707","targetHints":{"allow":["GET"]}}],"collection":[{"href":"https:\/\/ciudadtrujillo.com\/index.php?rest_route=\/wp\/v2\/posts"}],"about":[{"href":"https:\/\/ciudadtrujillo.com\/index.php?rest_route=\/wp\/v2\/types\/post"}],"author":[{"embeddable":true,"href":"https:\/\/ciudadtrujillo.com\/index.php?rest_route=\/wp\/v2\/users\/1"}],"replies":[{"embeddable":true,"href":"https:\/\/ciudadtrujillo.com\/index.php?rest_route=%2Fwp%2Fv2%2Fcomments&post=27707"}],"version-history":[{"count":1,"href":"https:\/\/ciudadtrujillo.com\/index.php?rest_route=\/wp\/v2\/posts\/27707\/revisions"}],"predecessor-version":[{"id":27709,"href":"https:\/\/ciudadtrujillo.com\/index.php?rest_route=\/wp\/v2\/posts\/27707\/revisions\/27709"}],"wp:featuredmedia":[{"embeddable":true,"href":"https:\/\/ciudadtrujillo.com\/index.php?rest_route=\/wp\/v2\/media\/27708"}],"wp:attachment":[{"href":"https:\/\/ciudadtrujillo.com\/index.php?rest_route=%2Fwp%2Fv2%2Fmedia&parent=27707"}],"wp:term":[{"taxonomy":"category","embeddable":true,"href":"https:\/\/ciudadtrujillo.com\/index.php?rest_route=%2Fwp%2Fv2%2Fcategories&post=27707"},{"taxonomy":"post_tag","embeddable":true,"href":"https:\/\/ciudadtrujillo.com\/index.php?rest_route=%2Fwp%2Fv2%2Ftags&post=27707"}],"curies":[{"name":"wp","href":"https:\/\/api.w.org\/{rel}","templated":true}]}}