{"id":27704,"date":"2023-05-14T16:40:01","date_gmt":"2023-05-14T20:40:01","guid":{"rendered":"http:\/\/ciudadtrujillo.com\/?p=27704"},"modified":"2023-05-14T16:40:01","modified_gmt":"2023-05-14T20:40:01","slug":"entregaran-obras-para-la-recreacion-y-la-salud-en-bocono-por-su-460-aniversario","status":"publish","type":"post","link":"https:\/\/ciudadtrujillo.com\/?p=27704","title":{"rendered":"Entregar\u00e1n obras para la recreaci\u00f3n y la salud en Bocon\u00f3 por su 460\u00b0 aniversario"},"content":{"rendered":"<p style=\"text-align: justify;\">En el marco de la conmemoraci\u00f3n de los 460 a\u00f1os del municipio Bocon\u00f3, que se celebrar\u00e1 el pr\u00f3ximo 30 de mayo, el alcalde de la localidad, Alejandro Garc\u00eda, inform\u00f3 que ser\u00e1n entregadas diferentes obras en beneficio del pueblo.<\/p>\n<p style=\"text-align: justify;\">En tal sentido, destac\u00f3 que ser\u00e1n inaugurados el Parador Tur\u00edstico en la v\u00eda hacia Mosquey y el Parque Recreacional y Deportivo del Terminal Rafael Quevedo Infante. Asimismo, detall\u00f3 que se entregar\u00e1n rehabilitados los parques Dr. Eusebio Baptista y el Biosaludable de la prolongaci\u00f3n Vargas, as\u00ed como el Ambulatorio del Volc\u00e1n de Niquitao.<\/p>\n<p style=\"text-align: justify;\">De igual manera, por orientaciones del burgomaestre el equipo de Fundaboc de la Alcald\u00eda Bolivariana de Bocon\u00f3 realiz\u00f3 rueda de prensa para ofrecer detalles de lo que ser\u00e1 la amplia programaci\u00f3n de los 460 a\u00f1os del asentamiento de la ciudad. En este orden de ideas, se tiene previsto lo siguiente:<\/p>\n<p style=\"text-align: justify;\">-S\u00e1bado 20 y domingo 21: Cuadrangular de Baloncesto.<\/p>\n<p style=\"text-align: justify;\">-Mi\u00e9rcoles 24: toma cultural de las instituciones educativas<\/p>\n<p style=\"text-align: justify;\">-Jueves 25: entrega del \u00e1rea infantil recuperada del Parque Recreacional de Bocon\u00f3, con fiesta para los peque\u00f1os. Ese mismo d\u00eda, podr\u00e1n disfrutar de Noches Boconesas con Nacho Barazarte y sus invitados en la plaza Bol\u00edvar.<\/p>\n<p style=\"text-align: justify;\">-Viernes 26: carrera de carros de rolinera y palo, junto a una tarde de juegos tradicionales. La salida ser\u00e1 desde la plazoleta El Carmen con llegada a la plaza Bol\u00edvar. En simult\u00e1neo, a las 3:00 p.m. ser\u00e1 el concierto de m\u00fasica tradicional en el Santuario Diocesano San Alejo.<\/p>\n<p style=\"text-align: justify;\">-S\u00e1bado 27: cabalgata en honor a Bocon\u00f3, con bajada por la calle J\u00e1uregui hasta el Museo Trapiche de Los Clavo. All\u00ed mismo habr\u00e1 una exhibici\u00f3n de motos de alta cilindrada. Adem\u00e1s, se ofrecer\u00e1 S\u00e1bado Tricolor en el sector Mitic\u00fan.<\/p>\n<p style=\"text-align: justify;\">-Domingo 28: carrera recreativa con la participaci\u00f3n de Asocaboc, Momoy y Mochileros de Bocon\u00f3, as\u00ed como familias y amigos que quieran unirse, puesto que no ser\u00e1 competitiva. Luego de concluida la caminata, se har\u00e1n gincanas para todo el p\u00fablico,<\/p>\n<p style=\"text-align: justify;\">-Lunes 29: como antesala al D\u00eda de Bocon\u00f3, se ofrecer\u00e1 desfile de carros antiguos a partir de las 10:00 a.m. en el aer\u00f3dromo R\u00f3mulo Gallegos. Esa misma noche, en las letras de Bocon\u00f3 habr\u00e1 parrand\u00f3n y serenata con grupos musicales, mariachis y fuegos artificiales.<\/p>\n<p style=\"text-align: justify;\">-El d\u00eda central, 30 de mayo, habr\u00e1 toque de campanas en las Iglesias del Jard\u00edn de Venezuela, misa en acci\u00f3n de gracias y en honor a Bocon\u00f3, seguida de la sesi\u00f3n especial y el desfile c\u00edvico &#8211; militar para concluir con la entrega del parque Deportivo y Recreativo del Terminal de Pasajeros Rafael Quevedo Infante.<\/p>\n<p>&nbsp;<\/p>\n<p>&nbsp;<\/p>\n<h6>Prensa alcald\u00eda de Bocon\u00f3 \/ Ciudad Trujillo\/Gr\u00e1fica: cortes\u00eda<\/h6>\n","protected":false},"excerpt":{"rendered":"<p>En el marco de la conmemoraci\u00f3n de los 460 a\u00f1os del municipio Bocon\u00f3, que se celebrar\u00e1 el pr\u00f3ximo 30 de mayo, el alcalde de la localidad, Alejandro Garc\u00eda, inform\u00f3 que&hellip; <\/p>\n","protected":false},"author":1,"featured_media":27705,"comment_status":"closed","ping_status":"closed","sticky":false,"template":"","format":"standard","meta":{"footnotes":""},"categories":[40],"tags":[],"class_list":["post-27704","post","type-post","status-publish","format-standard","has-post-thumbnail","hentry","category-grantrujillo"],"_links":{"self":[{"href":"https:\/\/ciudadtrujillo.com\/index.php?rest_route=\/wp\/v2\/posts\/27704","targetHints":{"allow":["GET"]}}],"collection":[{"href":"https:\/\/ciudadtrujillo.com\/index.php?rest_route=\/wp\/v2\/posts"}],"about":[{"href":"https:\/\/ciudadtrujillo.com\/index.php?rest_route=\/wp\/v2\/types\/post"}],"author":[{"embeddable":true,"href":"https:\/\/ciudadtrujillo.com\/index.php?rest_route=\/wp\/v2\/users\/1"}],"replies":[{"embeddable":true,"href":"https:\/\/ciudadtrujillo.com\/index.php?rest_route=%2Fwp%2Fv2%2Fcomments&post=27704"}],"version-history":[{"count":1,"href":"https:\/\/ciudadtrujillo.com\/index.php?rest_route=\/wp\/v2\/posts\/27704\/revisions"}],"predecessor-version":[{"id":27706,"href":"https:\/\/ciudadtrujillo.com\/index.php?rest_route=\/wp\/v2\/posts\/27704\/revisions\/27706"}],"wp:featuredmedia":[{"embeddable":true,"href":"https:\/\/ciudadtrujillo.com\/index.php?rest_route=\/wp\/v2\/media\/27705"}],"wp:attachment":[{"href":"https:\/\/ciudadtrujillo.com\/index.php?rest_route=%2Fwp%2Fv2%2Fmedia&parent=27704"}],"wp:term":[{"taxonomy":"category","embeddable":true,"href":"https:\/\/ciudadtrujillo.com\/index.php?rest_route=%2Fwp%2Fv2%2Fcategories&post=27704"},{"taxonomy":"post_tag","embeddable":true,"href":"https:\/\/ciudadtrujillo.com\/index.php?rest_route=%2Fwp%2Fv2%2Ftags&post=27704"}],"curies":[{"name":"wp","href":"https:\/\/api.w.org\/{rel}","templated":true}]}}