{"id":27683,"date":"2023-05-14T16:22:15","date_gmt":"2023-05-14T20:22:15","guid":{"rendered":"http:\/\/ciudadtrujillo.com\/?p=27683"},"modified":"2023-05-14T16:22:15","modified_gmt":"2023-05-14T20:22:15","slug":"presidente-maduro-felicita-a-las-madres-en-su-dia","status":"publish","type":"post","link":"https:\/\/ciudadtrujillo.com\/?p=27683","title":{"rendered":"Presidente Maduro felicita a las madres en su d\u00eda"},"content":{"rendered":"<p style=\"text-align: justify;\">\u201cMis felicitaciones a todas las madres de la patria que forman con hermosos valores al semillero del futuro. \u00a1Que Dios Todopoderoso las bendiga siempre!\u201d De esta forma el mandatario nacional, Nicol\u00e1s Maduro Moros, a trav\u00e9s de su red social Twitter, agradeci\u00f3 la entrega abnegada y el amor infinito de todas las madres venezolanas.<\/p>\n<p style=\"text-align: justify;\">El D\u00eda de la Madre es una festividad que se celebra en honor de las madres en todo el mundo, en diferentes fechas del a\u00f1o seg\u00fan el pa\u00eds. En Venezuela se celebra cada segundo domingo del mes de mayo.<\/p>\n<p style=\"text-align: justify;\">A prop\u00f3sito de esta festividad, en otro twit, el jefe de Estado expres\u00f3: \u201cTodos los d\u00edas son para amar a nuestras madres, pero hoy es una fecha especial, en la que honramos a esas guerreras que son el pilar de los hogares de Venezuela y que, con sacrificio, paciencia y amor, superan cualquier dificultad para formar a hombres y mujeres de bien\u201d.<\/p>\n<p>&nbsp;<\/p>\n<p>&nbsp;<\/p>\n<h6>VTV<\/h6>\n","protected":false},"excerpt":{"rendered":"<p>\u201cMis felicitaciones a todas las madres de la patria que forman con hermosos valores al semillero del futuro. \u00a1Que Dios Todopoderoso las bendiga siempre!\u201d De esta forma el mandatario nacional,&hellip; <\/p>\n","protected":false},"author":1,"featured_media":27684,"comment_status":"closed","ping_status":"closed","sticky":false,"template":"","format":"standard","meta":{"footnotes":""},"categories":[46],"tags":[],"class_list":["post-27683","post","type-post","status-publish","format-standard","has-post-thumbnail","hentry","category-cultura"],"_links":{"self":[{"href":"https:\/\/ciudadtrujillo.com\/index.php?rest_route=\/wp\/v2\/posts\/27683","targetHints":{"allow":["GET"]}}],"collection":[{"href":"https:\/\/ciudadtrujillo.com\/index.php?rest_route=\/wp\/v2\/posts"}],"about":[{"href":"https:\/\/ciudadtrujillo.com\/index.php?rest_route=\/wp\/v2\/types\/post"}],"author":[{"embeddable":true,"href":"https:\/\/ciudadtrujillo.com\/index.php?rest_route=\/wp\/v2\/users\/1"}],"replies":[{"embeddable":true,"href":"https:\/\/ciudadtrujillo.com\/index.php?rest_route=%2Fwp%2Fv2%2Fcomments&post=27683"}],"version-history":[{"count":1,"href":"https:\/\/ciudadtrujillo.com\/index.php?rest_route=\/wp\/v2\/posts\/27683\/revisions"}],"predecessor-version":[{"id":27685,"href":"https:\/\/ciudadtrujillo.com\/index.php?rest_route=\/wp\/v2\/posts\/27683\/revisions\/27685"}],"wp:featuredmedia":[{"embeddable":true,"href":"https:\/\/ciudadtrujillo.com\/index.php?rest_route=\/wp\/v2\/media\/27684"}],"wp:attachment":[{"href":"https:\/\/ciudadtrujillo.com\/index.php?rest_route=%2Fwp%2Fv2%2Fmedia&parent=27683"}],"wp:term":[{"taxonomy":"category","embeddable":true,"href":"https:\/\/ciudadtrujillo.com\/index.php?rest_route=%2Fwp%2Fv2%2Fcategories&post=27683"},{"taxonomy":"post_tag","embeddable":true,"href":"https:\/\/ciudadtrujillo.com\/index.php?rest_route=%2Fwp%2Fv2%2Ftags&post=27683"}],"curies":[{"name":"wp","href":"https:\/\/api.w.org\/{rel}","templated":true}]}}