{"id":27678,"date":"2023-05-11T20:34:08","date_gmt":"2023-05-12T00:34:08","guid":{"rendered":"http:\/\/ciudadtrujillo.com\/?p=27678"},"modified":"2023-05-11T20:34:08","modified_gmt":"2023-05-12T00:34:08","slug":"trujillo-gas-comunal-fortalece-atencion-al-pueblo-con-distribucion-de-24-073-cilindros-en-diferentes-municipios","status":"publish","type":"post","link":"https:\/\/ciudadtrujillo.com\/?p=27678","title":{"rendered":"Trujillo Gas Comunal fortalece atenci\u00f3n al pueblo con distribuci\u00f3n de 24.073 cilindros en diferentes municipios"},"content":{"rendered":"<p style=\"text-align: justify;\">Partiendo del compromiso de garantizar los servicios p\u00fablicos al pueblo bajo las orientaciones del gobernador My. Gerardo M\u00e1rquez, desde el 04 al 10 de mayo la empresa Trujillo Gas Comunal fortaleci\u00f3 la atenci\u00f3n a las familias con la distribuci\u00f3n de 24.073 cilindros tras los abordajes en 15 municipios.<\/p>\n<p style=\"text-align: justify;\">A trav\u00e9s de las jornadas se atendieron a 8.868 familias durante los despliegues en las parroquias Bocon\u00f3 (Bocon\u00f3), Manuel Salvador Ulloa (Candelaria), Carache (Carache), La Uni\u00f3n (Escuque), El Dividive (Miranda), Monte Carmelo (Monte Carmelo), Motat\u00e1n (Motat\u00e1n), Santa Ana (Pamp\u00e1n), Pampanito (Pampanito), Jos\u00e9 Gregorio Hern\u00e1ndez (Rafael Rangel), Jos\u00e9 Leonardo Su\u00e1rez y Carvajal (Carvajal), Andr\u00e9s Linares (Trujillo), La Quebrada y Tu\u00f1ame (Urdaneta), Juan Ignacio Montilla y Mercedes D\u00edaz (Valera), adem\u00e1s de Andr\u00e9s Eloy Blanco en Miranda (M\u00e9rida).<\/p>\n<p style=\"text-align: justify;\">Asimismo, la fuerza laboral, liderada por el Ing. Samuel Matheus, realiz\u00f3 las jornadas en articulaci\u00f3n con 75 Comit\u00e9s Locales de Abastecimiento y Producci\u00f3n (CLAP), afianzando la participaci\u00f3n del Poder Popular como lineamientos del Presidente Nicol\u00e1s Maduro.<\/p>\n<p style=\"text-align: justify;\">\n<p>&nbsp;<\/p>\n<p>&nbsp;<\/p>\n<h6>Yarlenis Albarr\u00e1n\/Gr\u00e1fica: Cortes\u00eda<\/h6>\n","protected":false},"excerpt":{"rendered":"<p>Partiendo del compromiso de garantizar los servicios p\u00fablicos al pueblo bajo las orientaciones del gobernador My. Gerardo M\u00e1rquez, desde el 04 al 10 de mayo la empresa Trujillo Gas Comunal&hellip; <\/p>\n","protected":false},"author":1,"featured_media":27679,"comment_status":"closed","ping_status":"closed","sticky":false,"template":"","format":"standard","meta":{"footnotes":""},"categories":[52,40],"tags":[],"class_list":["post-27678","post","type-post","status-publish","format-standard","has-post-thumbnail","hentry","category-destacadas","category-grantrujillo"],"_links":{"self":[{"href":"https:\/\/ciudadtrujillo.com\/index.php?rest_route=\/wp\/v2\/posts\/27678","targetHints":{"allow":["GET"]}}],"collection":[{"href":"https:\/\/ciudadtrujillo.com\/index.php?rest_route=\/wp\/v2\/posts"}],"about":[{"href":"https:\/\/ciudadtrujillo.com\/index.php?rest_route=\/wp\/v2\/types\/post"}],"author":[{"embeddable":true,"href":"https:\/\/ciudadtrujillo.com\/index.php?rest_route=\/wp\/v2\/users\/1"}],"replies":[{"embeddable":true,"href":"https:\/\/ciudadtrujillo.com\/index.php?rest_route=%2Fwp%2Fv2%2Fcomments&post=27678"}],"version-history":[{"count":1,"href":"https:\/\/ciudadtrujillo.com\/index.php?rest_route=\/wp\/v2\/posts\/27678\/revisions"}],"predecessor-version":[{"id":27680,"href":"https:\/\/ciudadtrujillo.com\/index.php?rest_route=\/wp\/v2\/posts\/27678\/revisions\/27680"}],"wp:featuredmedia":[{"embeddable":true,"href":"https:\/\/ciudadtrujillo.com\/index.php?rest_route=\/wp\/v2\/media\/27679"}],"wp:attachment":[{"href":"https:\/\/ciudadtrujillo.com\/index.php?rest_route=%2Fwp%2Fv2%2Fmedia&parent=27678"}],"wp:term":[{"taxonomy":"category","embeddable":true,"href":"https:\/\/ciudadtrujillo.com\/index.php?rest_route=%2Fwp%2Fv2%2Fcategories&post=27678"},{"taxonomy":"post_tag","embeddable":true,"href":"https:\/\/ciudadtrujillo.com\/index.php?rest_route=%2Fwp%2Fv2%2Ftags&post=27678"}],"curies":[{"name":"wp","href":"https:\/\/api.w.org\/{rel}","templated":true}]}}