{"id":27675,"date":"2023-05-11T20:29:35","date_gmt":"2023-05-12T00:29:35","guid":{"rendered":"http:\/\/ciudadtrujillo.com\/?p=27675"},"modified":"2023-05-11T20:29:35","modified_gmt":"2023-05-12T00:29:35","slug":"gobernador-inspecciona-avances-de-la-ultima-fase-de-rehabilitacion-vial-en-el-milagro-de-valera","status":"publish","type":"post","link":"https:\/\/ciudadtrujillo.com\/?p=27675","title":{"rendered":"Gobernador inspecciona avances de la \u00faltima fase de rehabilitaci\u00f3n vial en El Milagro de Valera"},"content":{"rendered":"<p style=\"text-align: justify;\">La comunidad de El Milagro, municipio Valera, reconoce el trabajo que ha realizado el Gobierno Bolivariano de Trujillo en la canalizaci\u00f3n de aguas pluviales en esta zona, cuya primera fase ya est\u00e1 terminada. El gobernador My. Gerardo M\u00e1rquez inspeccion\u00f3 la \u00faltima etapa de rehabilitaci\u00f3n, que consiste en la recuperaci\u00f3n vial y embellecimiento.<\/p>\n<p style=\"text-align: justify;\">La directora de la Empresa Trujillana de Proyectos de Infraestructura y Vivienda (Etproinvi), Elba Gonz\u00e1lez, destac\u00f3 que en esta inspecci\u00f3n se aprovech\u00f3 para acordar la protecci\u00f3n de la zona donde se hizo la obra y qued\u00f3 un muro de contenci\u00f3n. Se lleg\u00f3 a un acuerdo para prohibir construir locales o viviendas para resguardar la estructura nueva y las viviendas de alrededor.<\/p>\n<p style=\"text-align: justify;\">Asimismo, coment\u00f3 que se realiz\u00f3, gracias al agrupamiento de infraestructura de la gobernaci\u00f3n, la rehabilitaci\u00f3n de la v\u00eda desde el viaducto de Bella Vista hasta el estadio de El Milagro. \u201cSe hizo el asfaltado, pintura en brocales, rayado, desmalezamiento y poda en las islas, iluminaci\u00f3n\u201d, agreg\u00f3.<\/p>\n<p style=\"text-align: justify;\">En medio de la inspecci\u00f3n, el gobernador de Trujillo se comprometi\u00f3 a la evaluaci\u00f3n del proyecto de mejoramiento del templo de El Milagro, colocaci\u00f3n de se\u00f1al\u00e9tica y ayudas sociales.<\/p>\n<p>&nbsp;<\/p>\n<p>&nbsp;<\/p>\n<h6>Eliph Catalina Fern\u00e1ndez\/Gr\u00e1ficas: Cortes\u00eda<\/h6>\n","protected":false},"excerpt":{"rendered":"<p>La comunidad de El Milagro, municipio Valera, reconoce el trabajo que ha realizado el Gobierno Bolivariano de Trujillo en la canalizaci\u00f3n de aguas pluviales en esta zona, cuya primera fase&hellip; <\/p>\n","protected":false},"author":1,"featured_media":27676,"comment_status":"closed","ping_status":"closed","sticky":false,"template":"","format":"standard","meta":{"footnotes":""},"categories":[52,40],"tags":[],"class_list":["post-27675","post","type-post","status-publish","format-standard","has-post-thumbnail","hentry","category-destacadas","category-grantrujillo"],"_links":{"self":[{"href":"https:\/\/ciudadtrujillo.com\/index.php?rest_route=\/wp\/v2\/posts\/27675","targetHints":{"allow":["GET"]}}],"collection":[{"href":"https:\/\/ciudadtrujillo.com\/index.php?rest_route=\/wp\/v2\/posts"}],"about":[{"href":"https:\/\/ciudadtrujillo.com\/index.php?rest_route=\/wp\/v2\/types\/post"}],"author":[{"embeddable":true,"href":"https:\/\/ciudadtrujillo.com\/index.php?rest_route=\/wp\/v2\/users\/1"}],"replies":[{"embeddable":true,"href":"https:\/\/ciudadtrujillo.com\/index.php?rest_route=%2Fwp%2Fv2%2Fcomments&post=27675"}],"version-history":[{"count":1,"href":"https:\/\/ciudadtrujillo.com\/index.php?rest_route=\/wp\/v2\/posts\/27675\/revisions"}],"predecessor-version":[{"id":27677,"href":"https:\/\/ciudadtrujillo.com\/index.php?rest_route=\/wp\/v2\/posts\/27675\/revisions\/27677"}],"wp:featuredmedia":[{"embeddable":true,"href":"https:\/\/ciudadtrujillo.com\/index.php?rest_route=\/wp\/v2\/media\/27676"}],"wp:attachment":[{"href":"https:\/\/ciudadtrujillo.com\/index.php?rest_route=%2Fwp%2Fv2%2Fmedia&parent=27675"}],"wp:term":[{"taxonomy":"category","embeddable":true,"href":"https:\/\/ciudadtrujillo.com\/index.php?rest_route=%2Fwp%2Fv2%2Fcategories&post=27675"},{"taxonomy":"post_tag","embeddable":true,"href":"https:\/\/ciudadtrujillo.com\/index.php?rest_route=%2Fwp%2Fv2%2Ftags&post=27675"}],"curies":[{"name":"wp","href":"https:\/\/api.w.org\/{rel}","templated":true}]}}