{"id":27672,"date":"2023-05-11T20:26:49","date_gmt":"2023-05-12T00:26:49","guid":{"rendered":"http:\/\/ciudadtrujillo.com\/?p=27672"},"modified":"2023-05-11T20:26:49","modified_gmt":"2023-05-12T00:26:49","slug":"primera-combatiente-entrega-uniformes-y-calzados-escolares-a-mas-de-2-026-estudiantes","status":"publish","type":"post","link":"https:\/\/ciudadtrujillo.com\/?p=27672","title":{"rendered":"Primera Combatiente entrega uniformes y calzados escolares a m\u00e1s de 2.026 estudiantes"},"content":{"rendered":"<p style=\"text-align: justify;\">Cumpliendo con las pol\u00edticas del Presidente Nicol\u00e1s Maduro, la Fundaci\u00f3n Regional \u201cEl Ni\u00f1o Sim\u00f3n\u201d Trujillo, liderada por la Lcda. Reyna P\u00e9rez de M\u00e1rquez, entreg\u00f3 uniformes y calzados escolares a todos los ni\u00f1os, ni\u00f1as y adolescentes de los centros educativos adscritos a la instituci\u00f3n, con el objetivo de garantizar una educaci\u00f3n de calidad al Semillero de la Patria.<\/p>\n<p style=\"text-align: justify;\">En este sentido, P\u00e9rez de M\u00e1rquez indic\u00f3: \u201cDesde la Fundaci\u00f3n Regional El Ni\u00f1o Sim\u00f3n Trujillo, hemos dotado de uniformes y calzado a 2.026 ni\u00f1os, ni\u00f1as y adolescentes, quienes son matr\u00edcula de los 12 Centros de Educaci\u00f3n Inicial y las 14 Casas de los Ni\u00f1os. Este beneficio llega a cada uno de ellos gracias a las pol\u00edticas educativas emanadas por nuestro Presidente Nicol\u00e1s Maduro y el Gobernador My. Gerardo M\u00e1rquez\u201d.<\/p>\n<p style=\"text-align: justify;\">\u201cHe estado al frente de estas entregas constatando la alegr\u00eda en los rostros de quienes reciben dicho beneficio, no hay nada m\u00e1s gratificante para m\u00ed que ver a estos ni\u00f1os, ni\u00f1as y adolescentes disfrutar de este aporte. Que esas sonrisas sean siempre nuestro motor para continuar trabajando por y para ellos\u201d, expres\u00f3.<\/p>\n<p style=\"text-align: justify;\">La Frnstru cuenta con 12 centros de educaci\u00f3n inicial y 14 casas de los ni\u00f1os, ubicados en los diferentes municipios del estado, entre ellos: Trujillo, Pamp\u00e1n, Pampanito, Valera, Escuque, Rafael Rangel, Bocon\u00f3, Urdaneta, Carache y Sucre.<\/p>\n<p>&nbsp;<\/p>\n<p>&nbsp;<\/p>\n<h6>Prensa Frnstru \/ Karelis Dur\u00e1n\/Gr\u00e1ficas: Mar\u00eda Fernanda Riera<\/h6>\n","protected":false},"excerpt":{"rendered":"<p>Cumpliendo con las pol\u00edticas del Presidente Nicol\u00e1s Maduro, la Fundaci\u00f3n Regional \u201cEl Ni\u00f1o Sim\u00f3n\u201d Trujillo, liderada por la Lcda. Reyna P\u00e9rez de M\u00e1rquez, entreg\u00f3 uniformes y calzados escolares a todos&hellip; <\/p>\n","protected":false},"author":1,"featured_media":27673,"comment_status":"closed","ping_status":"closed","sticky":false,"template":"","format":"standard","meta":{"footnotes":""},"categories":[52,40],"tags":[],"class_list":["post-27672","post","type-post","status-publish","format-standard","has-post-thumbnail","hentry","category-destacadas","category-grantrujillo"],"_links":{"self":[{"href":"https:\/\/ciudadtrujillo.com\/index.php?rest_route=\/wp\/v2\/posts\/27672","targetHints":{"allow":["GET"]}}],"collection":[{"href":"https:\/\/ciudadtrujillo.com\/index.php?rest_route=\/wp\/v2\/posts"}],"about":[{"href":"https:\/\/ciudadtrujillo.com\/index.php?rest_route=\/wp\/v2\/types\/post"}],"author":[{"embeddable":true,"href":"https:\/\/ciudadtrujillo.com\/index.php?rest_route=\/wp\/v2\/users\/1"}],"replies":[{"embeddable":true,"href":"https:\/\/ciudadtrujillo.com\/index.php?rest_route=%2Fwp%2Fv2%2Fcomments&post=27672"}],"version-history":[{"count":1,"href":"https:\/\/ciudadtrujillo.com\/index.php?rest_route=\/wp\/v2\/posts\/27672\/revisions"}],"predecessor-version":[{"id":27674,"href":"https:\/\/ciudadtrujillo.com\/index.php?rest_route=\/wp\/v2\/posts\/27672\/revisions\/27674"}],"wp:featuredmedia":[{"embeddable":true,"href":"https:\/\/ciudadtrujillo.com\/index.php?rest_route=\/wp\/v2\/media\/27673"}],"wp:attachment":[{"href":"https:\/\/ciudadtrujillo.com\/index.php?rest_route=%2Fwp%2Fv2%2Fmedia&parent=27672"}],"wp:term":[{"taxonomy":"category","embeddable":true,"href":"https:\/\/ciudadtrujillo.com\/index.php?rest_route=%2Fwp%2Fv2%2Fcategories&post=27672"},{"taxonomy":"post_tag","embeddable":true,"href":"https:\/\/ciudadtrujillo.com\/index.php?rest_route=%2Fwp%2Fv2%2Ftags&post=27672"}],"curies":[{"name":"wp","href":"https:\/\/api.w.org\/{rel}","templated":true}]}}