{"id":27645,"date":"2023-05-10T22:58:01","date_gmt":"2023-05-11T02:58:01","guid":{"rendered":"http:\/\/ciudadtrujillo.com\/?p=27645"},"modified":"2023-05-10T22:58:01","modified_gmt":"2023-05-11T02:58:01","slug":"gobierno-bolivariano-dignifica-al-personal-del-cuerpo-de-policia-del-estado-trujillo","status":"publish","type":"post","link":"https:\/\/ciudadtrujillo.com\/?p=27645","title":{"rendered":"Gobierno Bolivariano dignifica al personal del Cuerpo de Polic\u00eda del estado Trujillo"},"content":{"rendered":"<p style=\"text-align: justify;\">En la sede de la Direcci\u00f3n General del Cuerpo de Polic\u00eda del estado Trujillo (CPET) el gobernador My. Gerardo M\u00e1rquez realiz\u00f3 la asignaci\u00f3n de dos viviendas, una ambulancia, insumos m\u00e9dicos, zapatos, entre otros recursos, para reivindicar el trabajo de los hombres y mujeres que forman parte de este organismo de seguridad. Adem\u00e1s, como parte de un compromiso asumido, se hizo la entrega de los primeros uniformes de gala.<\/p>\n<p style=\"text-align: justify;\">M\u00e1rquez, en compa\u00f1\u00eda del director general My. Yelffry Adames y parte de la plana mayor de la Zona Operativa de Defensa Integral n\u00famero 23 Trujillo, indic\u00f3 que la ambulancia se entreg\u00f3 totalmente recuperada y equipada por el gobierno regional y la direcci\u00f3n de la polic\u00eda. \u00abEstamos haciendo entrega de los primeros uniformes de gala que ser\u00e1n referencia nacional. Hemos hecho un esfuerzo para dignificar a los funcionarios, todos los meses hacemos este esfuerzo en uni\u00f3n c\u00edvico militar policial\u00bb.<\/p>\n<p style=\"text-align: justify;\">Detall\u00f3 que el gobierno regional pone como centro fundamental de la pol\u00edtica policial la atenci\u00f3n integral al polic\u00eda y a su familia. \u00abNos ha permitido que las pol\u00edticas se sientan junto al pueblo, en la calle, que tiene que ver con la disminuci\u00f3n de los delitos en el estado Trujillo\u00bb.<\/p>\n<p style=\"text-align: justify;\">En dicha entrega se asignaron tres juegos de comedor para su uso en la direcci\u00f3n general, 100 uniformes, electrodom\u00e9sticos, la ambulancia e insumos que ser\u00e1n destinados al servicio m\u00e9dico policial y as\u00ed atender cualquier contingencia.<\/p>\n<h3 style=\"text-align: justify;\">Funcionarios agradecidos<\/h3>\n<p style=\"text-align: justify;\">El oficial jefe Luis Vergara en compa\u00f1\u00eda de su esposa y dos hijos agradeci\u00f3 al gobernador y al director My. Yelffry Adames por haberlo favorecido con una vivienda digna para su familia. Por su parte el oficial agregado \u00c1ngel Mart\u00ednez reconoci\u00f3 que con estas pol\u00edticas est\u00e1n pensando en los funcionarios y su bienestar.<\/p>\n<p>&nbsp;<\/p>\n<p>&nbsp;<\/p>\n<h6>Eliph Catalina Fern\u00e1ndez\/Gr\u00e1ficas: Fernando Chuecos<\/h6>\n","protected":false},"excerpt":{"rendered":"<p>En la sede de la Direcci\u00f3n General del Cuerpo de Polic\u00eda del estado Trujillo (CPET) el gobernador My. Gerardo M\u00e1rquez realiz\u00f3 la asignaci\u00f3n de dos viviendas, una ambulancia, insumos m\u00e9dicos,&hellip; <\/p>\n","protected":false},"author":1,"featured_media":27646,"comment_status":"closed","ping_status":"closed","sticky":false,"template":"","format":"standard","meta":{"footnotes":""},"categories":[52,40],"tags":[],"class_list":["post-27645","post","type-post","status-publish","format-standard","has-post-thumbnail","hentry","category-destacadas","category-grantrujillo"],"_links":{"self":[{"href":"https:\/\/ciudadtrujillo.com\/index.php?rest_route=\/wp\/v2\/posts\/27645","targetHints":{"allow":["GET"]}}],"collection":[{"href":"https:\/\/ciudadtrujillo.com\/index.php?rest_route=\/wp\/v2\/posts"}],"about":[{"href":"https:\/\/ciudadtrujillo.com\/index.php?rest_route=\/wp\/v2\/types\/post"}],"author":[{"embeddable":true,"href":"https:\/\/ciudadtrujillo.com\/index.php?rest_route=\/wp\/v2\/users\/1"}],"replies":[{"embeddable":true,"href":"https:\/\/ciudadtrujillo.com\/index.php?rest_route=%2Fwp%2Fv2%2Fcomments&post=27645"}],"version-history":[{"count":1,"href":"https:\/\/ciudadtrujillo.com\/index.php?rest_route=\/wp\/v2\/posts\/27645\/revisions"}],"predecessor-version":[{"id":27647,"href":"https:\/\/ciudadtrujillo.com\/index.php?rest_route=\/wp\/v2\/posts\/27645\/revisions\/27647"}],"wp:featuredmedia":[{"embeddable":true,"href":"https:\/\/ciudadtrujillo.com\/index.php?rest_route=\/wp\/v2\/media\/27646"}],"wp:attachment":[{"href":"https:\/\/ciudadtrujillo.com\/index.php?rest_route=%2Fwp%2Fv2%2Fmedia&parent=27645"}],"wp:term":[{"taxonomy":"category","embeddable":true,"href":"https:\/\/ciudadtrujillo.com\/index.php?rest_route=%2Fwp%2Fv2%2Fcategories&post=27645"},{"taxonomy":"post_tag","embeddable":true,"href":"https:\/\/ciudadtrujillo.com\/index.php?rest_route=%2Fwp%2Fv2%2Ftags&post=27645"}],"curies":[{"name":"wp","href":"https:\/\/api.w.org\/{rel}","templated":true}]}}