{"id":27639,"date":"2023-05-10T22:53:51","date_gmt":"2023-05-11T02:53:51","guid":{"rendered":"http:\/\/ciudadtrujillo.com\/?p=27639"},"modified":"2023-05-10T22:53:51","modified_gmt":"2023-05-11T02:53:51","slug":"reforzaran-atencion-en-trujillo-a-traves-de-la-mesa-estadal-de-salud","status":"publish","type":"post","link":"https:\/\/ciudadtrujillo.com\/?p=27639","title":{"rendered":"Reforzar\u00e1n atenci\u00f3n en Trujillo a trav\u00e9s de la Mesa Estadal de Salud"},"content":{"rendered":"<p style=\"text-align: justify;\">Cumpliendo instrucciones del Presidente Nicol\u00e1s Maduro y de la ministra Magaly Guti\u00e9rrez, se llev\u00f3 a cabo la instalaci\u00f3n de la Mesa de Salud Estadal por parte del Sistema P\u00fablico de Salud del estado Trujillo, con la participaci\u00f3n de la diputada y secretaria del Movimiento Somos Venezuela, Ang\u00e9lica Mor\u00f3n.<\/p>\n<p style=\"text-align: justify;\">La actividad se desarroll\u00f3 en la sede de la Fundaci\u00f3n Trujillana de la Salud (Fundasalud), donde la autoridad \u00fanica, Yadira Pereira, junto a representantes de la Misi\u00f3n M\u00e9dico Cubana, Barrio Adentro, Misi\u00f3n Jos\u00e9 Gregorio Hern\u00e1ndez, Ipasme, Direcci\u00f3n de Atenci\u00f3n Comunal; de Atenci\u00f3n a Personas con Discapacidad; Articulaci\u00f3n Social; Poder Popular; y la coordinaci\u00f3n estadal del Sistema 1&#215;10, establecieron una agenda de trabajo para reforzar la atenci\u00f3n social.<\/p>\n<p style=\"text-align: justify;\">Durante el encuentro, la tambi\u00e9n presidenta de Fundasalud destac\u00f3 que el objetivo principal de la Mesa Estadal de Salud es brindar resoluci\u00f3n a los casos por medio de la caracterizaci\u00f3n y abordaje social.<\/p>\n<p style=\"text-align: justify;\">Asimismo, explic\u00f3 todo lo referente a la orden de operaciones emanada por el Ministerio del Poder Popular para la Salud.<\/p>\n<p>&nbsp;<\/p>\n<p>&nbsp;<\/p>\n<h6>Prensa Fundasalud\/Rosa Cruz\/Gr\u00e1ficas: Cortes\u00eda<\/h6>\n<p>&nbsp;<\/p>\n","protected":false},"excerpt":{"rendered":"<p>Cumpliendo instrucciones del Presidente Nicol\u00e1s Maduro y de la ministra Magaly Guti\u00e9rrez, se llev\u00f3 a cabo la instalaci\u00f3n de la Mesa de Salud Estadal por parte del Sistema P\u00fablico de&hellip; <\/p>\n","protected":false},"author":1,"featured_media":27640,"comment_status":"closed","ping_status":"closed","sticky":false,"template":"","format":"standard","meta":{"footnotes":""},"categories":[40],"tags":[],"class_list":["post-27639","post","type-post","status-publish","format-standard","has-post-thumbnail","hentry","category-grantrujillo"],"_links":{"self":[{"href":"https:\/\/ciudadtrujillo.com\/index.php?rest_route=\/wp\/v2\/posts\/27639","targetHints":{"allow":["GET"]}}],"collection":[{"href":"https:\/\/ciudadtrujillo.com\/index.php?rest_route=\/wp\/v2\/posts"}],"about":[{"href":"https:\/\/ciudadtrujillo.com\/index.php?rest_route=\/wp\/v2\/types\/post"}],"author":[{"embeddable":true,"href":"https:\/\/ciudadtrujillo.com\/index.php?rest_route=\/wp\/v2\/users\/1"}],"replies":[{"embeddable":true,"href":"https:\/\/ciudadtrujillo.com\/index.php?rest_route=%2Fwp%2Fv2%2Fcomments&post=27639"}],"version-history":[{"count":1,"href":"https:\/\/ciudadtrujillo.com\/index.php?rest_route=\/wp\/v2\/posts\/27639\/revisions"}],"predecessor-version":[{"id":27641,"href":"https:\/\/ciudadtrujillo.com\/index.php?rest_route=\/wp\/v2\/posts\/27639\/revisions\/27641"}],"wp:featuredmedia":[{"embeddable":true,"href":"https:\/\/ciudadtrujillo.com\/index.php?rest_route=\/wp\/v2\/media\/27640"}],"wp:attachment":[{"href":"https:\/\/ciudadtrujillo.com\/index.php?rest_route=%2Fwp%2Fv2%2Fmedia&parent=27639"}],"wp:term":[{"taxonomy":"category","embeddable":true,"href":"https:\/\/ciudadtrujillo.com\/index.php?rest_route=%2Fwp%2Fv2%2Fcategories&post=27639"},{"taxonomy":"post_tag","embeddable":true,"href":"https:\/\/ciudadtrujillo.com\/index.php?rest_route=%2Fwp%2Fv2%2Ftags&post=27639"}],"curies":[{"name":"wp","href":"https:\/\/api.w.org\/{rel}","templated":true}]}}