{"id":27636,"date":"2023-05-10T22:51:42","date_gmt":"2023-05-11T02:51:42","guid":{"rendered":"http:\/\/ciudadtrujillo.com\/?p=27636"},"modified":"2023-05-10T22:51:44","modified_gmt":"2023-05-11T02:51:44","slug":"fundacion-regional-el-nino-simon-inicia-talleres-arriba-la-tradicion-para-promover-la-danza","status":"publish","type":"post","link":"https:\/\/ciudadtrujillo.com\/?p=27636","title":{"rendered":"Fundaci\u00f3n Regional \u201cEl Ni\u00f1o Sim\u00f3n\u201d inicia talleres \u00abArriba la Tradici\u00f3n\u00bb para promover la danza"},"content":{"rendered":"<p style=\"text-align: justify;\">Con \u00e9xito, la Fundaci\u00f3n Regional \u201cEl Ni\u00f1o Sim\u00f3n\u201d- Trujillo, liderada por la Lcda. Reyna P\u00e9rez de M\u00e1rquez, dio inicio al ciclo de talleres \u00abArriba la Tradici\u00f3n\u00bb dirigido a los docentes de los centros educativos adscritos a la instituci\u00f3n, as\u00ed como del punto y c\u00edrculo de los municipios Pamp\u00e1n, Pampanito y Trujillo. En esta oportunidad, la concha ac\u00fastica en la ciudad capital sirvi\u00f3 de escenario para llevar a cabo dicho taller.<\/p>\n<p style=\"text-align: justify;\">Los talleres se realizan en articulaci\u00f3n con la Compa\u00f1\u00eda Nacional de Danza, de la mano de la core\u00f3grafa y bailarina, Yusbelys Medina, quien se trasladar\u00e1 a todos los centros educativos para impartir sus conocimientos a trav\u00e9s de la danza. La pr\u00f3xima semana corresponde al eje II, conformado por los municipios Escuque, Urdaneta y Valera, teniendo lugar en el Foro Bolivariano los d\u00edas martes 16 y mi\u00e9rcoles 17 a las 8:00 am.<\/p>\n<p style=\"text-align: justify;\">En este sentido, Medina expres\u00f3: \u201cEn articulaci\u00f3n con la Compa\u00f1\u00eda Nacional de Danza, la Fundaci\u00f3n Regional \u201cEl Ni\u00f1o Sim\u00f3n\u201d- Trujillo y el Instituto de la Cultura, traemos los talleres \u201cArriba la Tradici\u00f3n\u201d, que buscan proyectar, difundir y ense\u00f1ar de manera correcta nuestras tradiciones, invito a todos los docentes a participar para promover el aprendizaje de nuestros ni\u00f1os en las escuelas\u201d.<\/p>\n<p>&nbsp;<\/p>\n<p>&nbsp;<\/p>\n<h6>Prensa Frnstru\/Karelis Dur\u00e1n\/Gr\u00e1ficas: cortes\u00eda<\/h6>\n","protected":false},"excerpt":{"rendered":"<p>Con \u00e9xito, la Fundaci\u00f3n Regional \u201cEl Ni\u00f1o Sim\u00f3n\u201d- Trujillo, liderada por la Lcda. Reyna P\u00e9rez de M\u00e1rquez, dio inicio al ciclo de talleres \u00abArriba la Tradici\u00f3n\u00bb dirigido a los docentes&hellip; <\/p>\n","protected":false},"author":1,"featured_media":27637,"comment_status":"closed","ping_status":"closed","sticky":false,"template":"","format":"standard","meta":{"footnotes":""},"categories":[40],"tags":[],"class_list":["post-27636","post","type-post","status-publish","format-standard","has-post-thumbnail","hentry","category-grantrujillo"],"_links":{"self":[{"href":"https:\/\/ciudadtrujillo.com\/index.php?rest_route=\/wp\/v2\/posts\/27636","targetHints":{"allow":["GET"]}}],"collection":[{"href":"https:\/\/ciudadtrujillo.com\/index.php?rest_route=\/wp\/v2\/posts"}],"about":[{"href":"https:\/\/ciudadtrujillo.com\/index.php?rest_route=\/wp\/v2\/types\/post"}],"author":[{"embeddable":true,"href":"https:\/\/ciudadtrujillo.com\/index.php?rest_route=\/wp\/v2\/users\/1"}],"replies":[{"embeddable":true,"href":"https:\/\/ciudadtrujillo.com\/index.php?rest_route=%2Fwp%2Fv2%2Fcomments&post=27636"}],"version-history":[{"count":1,"href":"https:\/\/ciudadtrujillo.com\/index.php?rest_route=\/wp\/v2\/posts\/27636\/revisions"}],"predecessor-version":[{"id":27638,"href":"https:\/\/ciudadtrujillo.com\/index.php?rest_route=\/wp\/v2\/posts\/27636\/revisions\/27638"}],"wp:featuredmedia":[{"embeddable":true,"href":"https:\/\/ciudadtrujillo.com\/index.php?rest_route=\/wp\/v2\/media\/27637"}],"wp:attachment":[{"href":"https:\/\/ciudadtrujillo.com\/index.php?rest_route=%2Fwp%2Fv2%2Fmedia&parent=27636"}],"wp:term":[{"taxonomy":"category","embeddable":true,"href":"https:\/\/ciudadtrujillo.com\/index.php?rest_route=%2Fwp%2Fv2%2Fcategories&post=27636"},{"taxonomy":"post_tag","embeddable":true,"href":"https:\/\/ciudadtrujillo.com\/index.php?rest_route=%2Fwp%2Fv2%2Ftags&post=27636"}],"curies":[{"name":"wp","href":"https:\/\/api.w.org\/{rel}","templated":true}]}}