{"id":27603,"date":"2023-05-09T22:29:59","date_gmt":"2023-05-10T02:29:59","guid":{"rendered":"http:\/\/ciudadtrujillo.com\/?p=27603"},"modified":"2023-05-09T22:29:59","modified_gmt":"2023-05-10T02:29:59","slug":"atendidas-mas-de-2-mil-familias-de-valera-con-planta-movil-de-trujillo-gas-comunal","status":"publish","type":"post","link":"https:\/\/ciudadtrujillo.com\/?p=27603","title":{"rendered":"Atendidas m\u00e1s de 2 mil familias de Valera con planta m\u00f3vil de Trujillo Gas Comunal"},"content":{"rendered":"<p style=\"text-align: justify;\">A trav\u00e9s del 1&#215;10 del Buen Gobierno la fuerza laboral de Trujillo Gas Comunal se despleg\u00f3 con planta m\u00f3vil en la parroquia Juan Ignacio Montilla del municipio Valera, lo que permiti\u00f3 atender a 2 mil 082 familias con el llenado de cilindros, fortaleciendo as\u00ed el servicio p\u00fablico como orientaci\u00f3n del gobernador My. Gerardo M\u00e1rquez y el presidente de la empresa, Ing. Samuel Matheus.<\/p>\n<p style=\"text-align: justify;\">\n<p style=\"text-align: justify;\">Con las jornadas se llenaron 2 mil 423 cilindros, lo que se traduce en 82 mil 784 litros de GLP, que optimizan el servicio en las comunidades para favorecer al pueblo.<\/p>\n<p style=\"text-align: justify;\">\n<p style=\"text-align: justify;\">Asimismo, se atendieron 8 Comit\u00e9s Locales de Abastecimiento y Producci\u00f3n (CLAP), afianzando la participaci\u00f3n del Poder Popular como lineamientos del Presidente Nicol\u00e1s Maduro.<\/p>\n<p>&nbsp;<\/p>\n<p>&nbsp;<\/p>\n<p>&nbsp;<\/p>\n<h6>Yarlenis Albarr\u00e1n\/Gr\u00e1ficas: Cortes\u00eda<\/h6>\n","protected":false},"excerpt":{"rendered":"<p>A trav\u00e9s del 1&#215;10 del Buen Gobierno la fuerza laboral de Trujillo Gas Comunal se despleg\u00f3 con planta m\u00f3vil en la parroquia Juan Ignacio Montilla del municipio Valera, lo que&hellip; <\/p>\n","protected":false},"author":1,"featured_media":27604,"comment_status":"closed","ping_status":"closed","sticky":false,"template":"","format":"standard","meta":{"footnotes":""},"categories":[40],"tags":[],"class_list":["post-27603","post","type-post","status-publish","format-standard","has-post-thumbnail","hentry","category-grantrujillo"],"_links":{"self":[{"href":"https:\/\/ciudadtrujillo.com\/index.php?rest_route=\/wp\/v2\/posts\/27603","targetHints":{"allow":["GET"]}}],"collection":[{"href":"https:\/\/ciudadtrujillo.com\/index.php?rest_route=\/wp\/v2\/posts"}],"about":[{"href":"https:\/\/ciudadtrujillo.com\/index.php?rest_route=\/wp\/v2\/types\/post"}],"author":[{"embeddable":true,"href":"https:\/\/ciudadtrujillo.com\/index.php?rest_route=\/wp\/v2\/users\/1"}],"replies":[{"embeddable":true,"href":"https:\/\/ciudadtrujillo.com\/index.php?rest_route=%2Fwp%2Fv2%2Fcomments&post=27603"}],"version-history":[{"count":1,"href":"https:\/\/ciudadtrujillo.com\/index.php?rest_route=\/wp\/v2\/posts\/27603\/revisions"}],"predecessor-version":[{"id":27605,"href":"https:\/\/ciudadtrujillo.com\/index.php?rest_route=\/wp\/v2\/posts\/27603\/revisions\/27605"}],"wp:featuredmedia":[{"embeddable":true,"href":"https:\/\/ciudadtrujillo.com\/index.php?rest_route=\/wp\/v2\/media\/27604"}],"wp:attachment":[{"href":"https:\/\/ciudadtrujillo.com\/index.php?rest_route=%2Fwp%2Fv2%2Fmedia&parent=27603"}],"wp:term":[{"taxonomy":"category","embeddable":true,"href":"https:\/\/ciudadtrujillo.com\/index.php?rest_route=%2Fwp%2Fv2%2Fcategories&post=27603"},{"taxonomy":"post_tag","embeddable":true,"href":"https:\/\/ciudadtrujillo.com\/index.php?rest_route=%2Fwp%2Fv2%2Ftags&post=27603"}],"curies":[{"name":"wp","href":"https:\/\/api.w.org\/{rel}","templated":true}]}}