{"id":27600,"date":"2023-05-09T22:27:25","date_gmt":"2023-05-10T02:27:25","guid":{"rendered":"http:\/\/ciudadtrujillo.com\/?p=27600"},"modified":"2023-05-09T22:27:25","modified_gmt":"2023-05-10T02:27:25","slug":"oficina-de-atencion-al-ciudadano-de-la-gobernacion-continua-con-entrega-de-insumos-medicamentos-y-ayudas-economicas","status":"publish","type":"post","link":"https:\/\/ciudadtrujillo.com\/?p=27600","title":{"rendered":"Oficina de Atenci\u00f3n al Ciudadano de la gobernaci\u00f3n contin\u00faa con entrega de insumos, medicamentos y ayudas econ\u00f3micas"},"content":{"rendered":"<p style=\"text-align: justify;\">Como parte del compromiso revolucionario de brindar protecci\u00f3n social al pueblo, el Gobierno de Trujillo, liderado por el My. Gerardo M\u00e1rquez, a trav\u00e9s de la Oficina de Atenci\u00f3n al Ciudadano (OAC) realiz\u00f3 la entrega de medicamentos, insumos y ayudas t\u00e9cnicas para dar respuesta a las solicitudes de los trujillanos.<\/p>\n<p style=\"text-align: justify;\">\n<p style=\"text-align: justify;\">En este sentido, la directora de la OAC, Lcda. Celeste Dugarte, detall\u00f3 que se entregaron \u201cmedicamentos de patolog\u00edas cr\u00f3nicas, atenci\u00f3n inmediata, pr\u00f3tesis auditivas, pa\u00f1ales, entre otras ayudas para garantizar la mayor suma de felicidad al pueblo\u201d.<\/p>\n<p style=\"text-align: justify;\">\n<p style=\"text-align: justify;\">Asimismo, se\u00f1al\u00f3 que estas acciones son impulsadas por el mandatario regional bajo las pol\u00edticas de protecci\u00f3n social.<\/p>\n<p style=\"text-align: justify;\">\n<p style=\"text-align: justify;\">Al respecto, Betania Torres, favorecida con ayuda econ\u00f3mica para consultas en neurocirug\u00eda y oftalmolog\u00eda, expres\u00f3: \u201csoy una persona con discapacidad y agradezco la excelente atenci\u00f3n que nos han prestado, esta es la oficina mediante la cual el gobernador nos da esta ayuda\u201d.<\/p>\n<p style=\"text-align: justify;\">\n<p style=\"text-align: justify;\">Adem\u00e1s, Jos\u00e9 Gregorio Villa, quien recibi\u00f3 una pr\u00f3tesis auditiva, manifest\u00f3: \u201cestoy agradecido con el gobernador porque me est\u00e1 ayudando con mi problema auditivo\u201d.<\/p>\n<p>&nbsp;<\/p>\n<p>&nbsp;<\/p>\n<h6>Yarlenis Albarr\u00e1n\/Gr\u00e1fica: David V\u00e1squez<\/h6>\n","protected":false},"excerpt":{"rendered":"<p>Como parte del compromiso revolucionario de brindar protecci\u00f3n social al pueblo, el Gobierno de Trujillo, liderado por el My. Gerardo M\u00e1rquez, a trav\u00e9s de la Oficina de Atenci\u00f3n al Ciudadano&hellip; <\/p>\n","protected":false},"author":1,"featured_media":27601,"comment_status":"closed","ping_status":"closed","sticky":false,"template":"","format":"standard","meta":{"footnotes":""},"categories":[40],"tags":[],"class_list":["post-27600","post","type-post","status-publish","format-standard","has-post-thumbnail","hentry","category-grantrujillo"],"_links":{"self":[{"href":"https:\/\/ciudadtrujillo.com\/index.php?rest_route=\/wp\/v2\/posts\/27600","targetHints":{"allow":["GET"]}}],"collection":[{"href":"https:\/\/ciudadtrujillo.com\/index.php?rest_route=\/wp\/v2\/posts"}],"about":[{"href":"https:\/\/ciudadtrujillo.com\/index.php?rest_route=\/wp\/v2\/types\/post"}],"author":[{"embeddable":true,"href":"https:\/\/ciudadtrujillo.com\/index.php?rest_route=\/wp\/v2\/users\/1"}],"replies":[{"embeddable":true,"href":"https:\/\/ciudadtrujillo.com\/index.php?rest_route=%2Fwp%2Fv2%2Fcomments&post=27600"}],"version-history":[{"count":1,"href":"https:\/\/ciudadtrujillo.com\/index.php?rest_route=\/wp\/v2\/posts\/27600\/revisions"}],"predecessor-version":[{"id":27602,"href":"https:\/\/ciudadtrujillo.com\/index.php?rest_route=\/wp\/v2\/posts\/27600\/revisions\/27602"}],"wp:featuredmedia":[{"embeddable":true,"href":"https:\/\/ciudadtrujillo.com\/index.php?rest_route=\/wp\/v2\/media\/27601"}],"wp:attachment":[{"href":"https:\/\/ciudadtrujillo.com\/index.php?rest_route=%2Fwp%2Fv2%2Fmedia&parent=27600"}],"wp:term":[{"taxonomy":"category","embeddable":true,"href":"https:\/\/ciudadtrujillo.com\/index.php?rest_route=%2Fwp%2Fv2%2Fcategories&post=27600"},{"taxonomy":"post_tag","embeddable":true,"href":"https:\/\/ciudadtrujillo.com\/index.php?rest_route=%2Fwp%2Fv2%2Ftags&post=27600"}],"curies":[{"name":"wp","href":"https:\/\/api.w.org\/{rel}","templated":true}]}}