{"id":27574,"date":"2023-05-09T21:43:55","date_gmt":"2023-05-10T01:43:55","guid":{"rendered":"http:\/\/ciudadtrujillo.com\/?p=27574"},"modified":"2023-05-09T21:43:55","modified_gmt":"2023-05-10T01:43:55","slug":"anuncian-convocatoria-para-programa-de-estimulo-y-fomento-a-la-produccion-cinematografica","status":"publish","type":"post","link":"https:\/\/ciudadtrujillo.com\/?p=27574","title":{"rendered":"Anuncian convocatoria para Programa de Est\u00edmulo y Fomento a la Producci\u00f3n Cinematogr\u00e1fica"},"content":{"rendered":"<p style=\"text-align: justify;\">El Programa de Est\u00edmulo y Fomento a la Producci\u00f3n Cinematogr\u00e1fica Nacional anuncia su convocatoria 2023. Al respecto, el presidente del Centro Nacional Aut\u00f3nomo de Cinematograf\u00eda (CNAC), Carlos Azp\u00farua, destac\u00f3 la exitosa reactivaci\u00f3n de este programa que ha permitido renovar la confianza del sector cinematogr\u00e1fico del pa\u00eds y avanzar en el fortalecimiento del cine venezolano y su industria.<\/p>\n<p style=\"text-align: justify;\">La Convocatoria 2023 que incluye un lapso de postulaci\u00f3n hasta el 30 de junio, ofrece oportunidades de financiamiento en Desarrollo de Guion y Reescritura de Gui\u00f3n, Desarrollo de Proyecto de Largometraje; as\u00ed como para la Producci\u00f3n de Cortometrajes de: Ficci\u00f3n, Documental y Animaci\u00f3n; adem\u00e1s de Producci\u00f3n de Largometraje Documental y las categor\u00edas de Terminaci\u00f3n y Postproducci\u00f3n.<\/p>\n<p style=\"text-align: justify;\">La invitaci\u00f3n abierta a los realizadores venezolanos, se encuentra en el Link: https:\/\/proyectoscnac2022.wixsite.com\/cnac-desarrollo-cine, disponible en las cuentas oficiales de CNAC_Venezuela tanto en las redes sociales Instagram y Twitter.<\/p>\n<p style=\"text-align: justify;\">Desde el a\u00f1o 2021, la receptividad del Programa de Est\u00edmulo y Fomento a la Producci\u00f3n Cinematogr\u00e1fica ha mantenido un ritmo de crecimiento que favorece la generaci\u00f3n de puestos de trabajo para este sector; mientras que, el n\u00famero de proyectos contin\u00faa aumentando en g\u00e9nero y diversidad creativa.<\/p>\n<p style=\"text-align: justify;\">En esta oportunidad, la modalidad de Postproducci\u00f3n, suma los 16 proyectos de cierre del 2022 que incluyen: Visceral, de C\u00e9sar Manzano; Candelaria de A\u00fcytem Daniel Matos; La Diosa Quebrada, de Ximena Pereira; Dos o tres d\u00edas de Alexander Fern\u00e1ndez y Jorge Saim; Esto no es Sad Face, de Jos\u00e9 Salaverr\u00eda; Amor y Duelo, de Miguel New; Vernos juntos, de Fabricio Contreras; Amor en el aire, de Carlos Daniel Malav\u00e9; La Fe dorada, de Pablo Bayley \u00c1ngeles; Stadium, de Carlos Novella, \u00bfLejos el Mar?, de Giovanni Garc\u00eda; El llano en r\u00e1fagas, de Carlos G\u00f3mez; La sombra del sol, de Miguel \u00c1ngel Ferrer; Numen, de Daniel S\u00e1nchez Ni\u00f1o; Morada de Leandro Navarro y Contra viento y marea, de Mar\u00eda Cristina Capriles.<\/p>\n<p style=\"text-align: justify;\">El informe emitido por el CNAC contiene tambi\u00e9n el registro de los 109 proyectos que reciben apoyo financiero de esta instituci\u00f3n desde la reactivaci\u00f3n del programa de est\u00edmulo.<\/p>\n<p style=\"text-align: justify;\">La convocatoria 2023 ofrece nuevas oportunidades para cineastas de todo el pa\u00eds que podr\u00e1n presentar sus proyectos y optar a su financiamiento con apoyo del CNAC, mediante un proceso de selecci\u00f3n amplio, que brinda posibilidades de crecimiento para el cine venezolano.<\/p>\n<p style=\"text-align: justify;\">\n<p>&nbsp;<\/p>\n<p>&nbsp;<\/p>\n<h6>VTV\/Gr\u00e1fica: cortes\u00eda<\/h6>\n","protected":false},"excerpt":{"rendered":"<p>El Programa de Est\u00edmulo y Fomento a la Producci\u00f3n Cinematogr\u00e1fica Nacional anuncia su convocatoria 2023. Al respecto, el presidente del Centro Nacional Aut\u00f3nomo de Cinematograf\u00eda (CNAC), Carlos Azp\u00farua, destac\u00f3 la&hellip; <\/p>\n","protected":false},"author":1,"featured_media":27575,"comment_status":"closed","ping_status":"closed","sticky":false,"template":"","format":"standard","meta":{"footnotes":""},"categories":[46],"tags":[],"class_list":["post-27574","post","type-post","status-publish","format-standard","has-post-thumbnail","hentry","category-cultura"],"_links":{"self":[{"href":"https:\/\/ciudadtrujillo.com\/index.php?rest_route=\/wp\/v2\/posts\/27574","targetHints":{"allow":["GET"]}}],"collection":[{"href":"https:\/\/ciudadtrujillo.com\/index.php?rest_route=\/wp\/v2\/posts"}],"about":[{"href":"https:\/\/ciudadtrujillo.com\/index.php?rest_route=\/wp\/v2\/types\/post"}],"author":[{"embeddable":true,"href":"https:\/\/ciudadtrujillo.com\/index.php?rest_route=\/wp\/v2\/users\/1"}],"replies":[{"embeddable":true,"href":"https:\/\/ciudadtrujillo.com\/index.php?rest_route=%2Fwp%2Fv2%2Fcomments&post=27574"}],"version-history":[{"count":1,"href":"https:\/\/ciudadtrujillo.com\/index.php?rest_route=\/wp\/v2\/posts\/27574\/revisions"}],"predecessor-version":[{"id":27576,"href":"https:\/\/ciudadtrujillo.com\/index.php?rest_route=\/wp\/v2\/posts\/27574\/revisions\/27576"}],"wp:featuredmedia":[{"embeddable":true,"href":"https:\/\/ciudadtrujillo.com\/index.php?rest_route=\/wp\/v2\/media\/27575"}],"wp:attachment":[{"href":"https:\/\/ciudadtrujillo.com\/index.php?rest_route=%2Fwp%2Fv2%2Fmedia&parent=27574"}],"wp:term":[{"taxonomy":"category","embeddable":true,"href":"https:\/\/ciudadtrujillo.com\/index.php?rest_route=%2Fwp%2Fv2%2Fcategories&post=27574"},{"taxonomy":"post_tag","embeddable":true,"href":"https:\/\/ciudadtrujillo.com\/index.php?rest_route=%2Fwp%2Fv2%2Ftags&post=27574"}],"curies":[{"name":"wp","href":"https:\/\/api.w.org\/{rel}","templated":true}]}}