{"id":27568,"date":"2023-05-09T21:39:27","date_gmt":"2023-05-10T01:39:27","guid":{"rendered":"http:\/\/ciudadtrujillo.com\/?p=27568"},"modified":"2023-05-09T21:39:27","modified_gmt":"2023-05-10T01:39:27","slug":"venezuela-y-honduras-avanzan-en-el-desarrollo-conjunto-de-la-planificacion-estrategica","status":"publish","type":"post","link":"https:\/\/ciudadtrujillo.com\/?p=27568","title":{"rendered":"Venezuela y Honduras avanzan en el desarrollo conjunto de la planificaci\u00f3n estrat\u00e9gica"},"content":{"rendered":"<p style=\"text-align: justify;\">En funci\u00f3n de avanzar en la visi\u00f3n estrat\u00e9gica para el desarrollo de la planificaci\u00f3n conjunta, se llev\u00f3 a cabo un encuentro en el que participaron diversas autoridades de Venezuela y Honduras, el cual fue liderado por el vicepresidente sectorial de Planificaci\u00f3n, Ricardo Men\u00e9dez.<\/p>\n<p>Al respecto, Men\u00e9ndez detall\u00f3 que ambas naciones cuentan con una visi\u00f3n de larga data \u201cque tiene que ver con la soberan\u00eda, con la lucha de independencia de nuestro pueblo y, en este caso, estamos involucrando los temas vinculados a la planificaci\u00f3n, aspectos asociados a la formaci\u00f3n masiva de los pueblos\u201d.<\/p>\n<p>Resalt\u00f3 que, Venezuela aporta, desde el punto de vista del trabajo, lo que se ha venido adelantando con los mapas de soluciones y la participaci\u00f3n protag\u00f3nica de las comunidades para el \u201cdise\u00f1o de las pol\u00edticas p\u00fablicas, as\u00ed como el sistema estad\u00edstico y geogr\u00e1fico nacional; son parte de los temas que hemos tra\u00eddo a la mesa de trabajo con el fin de poder tener agendas conjuntas\u201d.<\/p>\n<p>Men\u00e9ndez puntualiz\u00f3 que el encuentro con el secretario de Planificaci\u00f3n de Honduras, Ricardo Salgado, permiti\u00f3 el intercambio de experiencias en el desarrollo econ\u00f3mico productivo.<\/p>\n<p>\u201cEl desarrollo y la sapiencia que se viene desarrollando dentro de los procesos de cambio en cada uno de nuestros pa\u00edses y c\u00f3mo podemos nutrir una agenda conjunta de trabajo del ganar ganar entre ambas naciones\u201d, expres\u00f3.<\/p>\n<p>Por su parte, el secretario de planificaci\u00f3n de la Rep\u00fablica de Honduras indic\u00f3 que \u201cestablecer nuevamente relaciones entre Venezuela, su naci\u00f3n y otros pa\u00edses del mundo representa una gran experiencia. Ha sido una gesta heroica del pueblo venezolano, por lo que ha logrado hasta ahora, pues han librado una batalla contra el imperio m\u00e1s infame que ha tenido y conocido la humanidad\u201d.<\/p>\n<p>Tras 12 a\u00f1os de distanciamiento, en enero de 2022 se restablecieron las relaciones diplom\u00e1ticas entre Venezuela y Honduras, a prop\u00f3sito de la victoria electoral de la presidenta Xiomara Castro. Desde ese momento, ambas naciones coinciden en la disposici\u00f3n y voluntad pol\u00edtica de fortalecer los lazos de cooperaci\u00f3n y hermandad hist\u00f3rica.<\/p>\n<p>&nbsp;<\/p>\n<p>&nbsp;<\/p>\n<h6>VTV\/Gr\u00e1fica: cortes\u00eda<\/h6>\n","protected":false},"excerpt":{"rendered":"<p>En funci\u00f3n de avanzar en la visi\u00f3n estrat\u00e9gica para el desarrollo de la planificaci\u00f3n conjunta, se llev\u00f3 a cabo un encuentro en el que participaron diversas autoridades de Venezuela y&hellip; <\/p>\n","protected":false},"author":1,"featured_media":27569,"comment_status":"closed","ping_status":"closed","sticky":false,"template":"","format":"standard","meta":{"footnotes":""},"categories":[41],"tags":[],"class_list":["post-27568","post","type-post","status-publish","format-standard","has-post-thumbnail","hentry","category-pais"],"_links":{"self":[{"href":"https:\/\/ciudadtrujillo.com\/index.php?rest_route=\/wp\/v2\/posts\/27568","targetHints":{"allow":["GET"]}}],"collection":[{"href":"https:\/\/ciudadtrujillo.com\/index.php?rest_route=\/wp\/v2\/posts"}],"about":[{"href":"https:\/\/ciudadtrujillo.com\/index.php?rest_route=\/wp\/v2\/types\/post"}],"author":[{"embeddable":true,"href":"https:\/\/ciudadtrujillo.com\/index.php?rest_route=\/wp\/v2\/users\/1"}],"replies":[{"embeddable":true,"href":"https:\/\/ciudadtrujillo.com\/index.php?rest_route=%2Fwp%2Fv2%2Fcomments&post=27568"}],"version-history":[{"count":1,"href":"https:\/\/ciudadtrujillo.com\/index.php?rest_route=\/wp\/v2\/posts\/27568\/revisions"}],"predecessor-version":[{"id":27570,"href":"https:\/\/ciudadtrujillo.com\/index.php?rest_route=\/wp\/v2\/posts\/27568\/revisions\/27570"}],"wp:featuredmedia":[{"embeddable":true,"href":"https:\/\/ciudadtrujillo.com\/index.php?rest_route=\/wp\/v2\/media\/27569"}],"wp:attachment":[{"href":"https:\/\/ciudadtrujillo.com\/index.php?rest_route=%2Fwp%2Fv2%2Fmedia&parent=27568"}],"wp:term":[{"taxonomy":"category","embeddable":true,"href":"https:\/\/ciudadtrujillo.com\/index.php?rest_route=%2Fwp%2Fv2%2Fcategories&post=27568"},{"taxonomy":"post_tag","embeddable":true,"href":"https:\/\/ciudadtrujillo.com\/index.php?rest_route=%2Fwp%2Fv2%2Ftags&post=27568"}],"curies":[{"name":"wp","href":"https:\/\/api.w.org\/{rel}","templated":true}]}}