{"id":27370,"date":"2023-05-01T03:36:32","date_gmt":"2023-05-01T07:36:32","guid":{"rendered":"http:\/\/ciudadtrujillo.com\/?p=27370"},"modified":"2023-05-01T03:36:32","modified_gmt":"2023-05-01T07:36:32","slug":"trujillo-se-lleva-el-campeonato-nacional-copa-cuerpo-elastico-2023","status":"publish","type":"post","link":"https:\/\/ciudadtrujillo.com\/?p=27370","title":{"rendered":"Trujillo se lleva el Campeonato Nacional \u00abCopa Cuerpo El\u00e1stico 2023\u00bb"},"content":{"rendered":"<p style=\"text-align: justify;\">Este s\u00e1bado 29 de abril culmin\u00f3 de manera exitosa, con el 3er d\u00eda de competencias, el Campeonato Nacional \u00abCopa Cuerpo El\u00e1stico 2023\u00bb en celebraci\u00f3n de su d\u00e9cimo quinto aniversario, cuya actividad se desarroll\u00f3 en el Gimnasio Cubierto \u00abAna de Marchandi\u00bb de Valera y en la cual la delegaci\u00f3n trujillana obtuvo durante la jornada del d\u00eda seis medallas (tres de oro, dos de plata y una de bronce).<\/p>\n<p style=\"text-align: justify;\">\n<p style=\"text-align: justify;\">Cabe destacar que la Asociaci\u00f3n Trujillana de Gimnasia, con sus tres d\u00edas de competencia, cuenta en total con 19 medallas, divididas en 11 de oro, cuatro de plata y cuatro de bronce.<\/p>\n<p style=\"text-align: justify;\">\n<p style=\"text-align: justify;\">Asimismo, durante el cierre del campeonato se llev\u00f3 a cabo la ceremonia de premiaci\u00f3n a las atletas que compitieron este d\u00eda, en la cual estuvo presente el presidente del Instituto de Deportes del estado Trujillo (Indet), Jes\u00fas \u00abEl Trompo\u00bb Gonz\u00e1lez, y delegados de los diferentes clubes de los nueve estados del pa\u00eds que participaron en dicha jornada.<\/p>\n<p style=\"text-align: justify;\">\n<p>&nbsp;<\/p>\n<p>&nbsp;<\/p>\n<h6>Prensa Indet \/ Ylimar Hidalgo Gr\u00e1fica: cortes\u00eda<\/h6>\n","protected":false},"excerpt":{"rendered":"<p>Este s\u00e1bado 29 de abril culmin\u00f3 de manera exitosa, con el 3er d\u00eda de competencias, el Campeonato Nacional \u00abCopa Cuerpo El\u00e1stico 2023\u00bb en celebraci\u00f3n de su d\u00e9cimo quinto aniversario, cuya&hellip; <\/p>\n","protected":false},"author":1,"featured_media":27371,"comment_status":"closed","ping_status":"closed","sticky":false,"template":"","format":"standard","meta":{"footnotes":""},"categories":[40],"tags":[],"class_list":["post-27370","post","type-post","status-publish","format-standard","has-post-thumbnail","hentry","category-grantrujillo"],"_links":{"self":[{"href":"https:\/\/ciudadtrujillo.com\/index.php?rest_route=\/wp\/v2\/posts\/27370","targetHints":{"allow":["GET"]}}],"collection":[{"href":"https:\/\/ciudadtrujillo.com\/index.php?rest_route=\/wp\/v2\/posts"}],"about":[{"href":"https:\/\/ciudadtrujillo.com\/index.php?rest_route=\/wp\/v2\/types\/post"}],"author":[{"embeddable":true,"href":"https:\/\/ciudadtrujillo.com\/index.php?rest_route=\/wp\/v2\/users\/1"}],"replies":[{"embeddable":true,"href":"https:\/\/ciudadtrujillo.com\/index.php?rest_route=%2Fwp%2Fv2%2Fcomments&post=27370"}],"version-history":[{"count":1,"href":"https:\/\/ciudadtrujillo.com\/index.php?rest_route=\/wp\/v2\/posts\/27370\/revisions"}],"predecessor-version":[{"id":27372,"href":"https:\/\/ciudadtrujillo.com\/index.php?rest_route=\/wp\/v2\/posts\/27370\/revisions\/27372"}],"wp:featuredmedia":[{"embeddable":true,"href":"https:\/\/ciudadtrujillo.com\/index.php?rest_route=\/wp\/v2\/media\/27371"}],"wp:attachment":[{"href":"https:\/\/ciudadtrujillo.com\/index.php?rest_route=%2Fwp%2Fv2%2Fmedia&parent=27370"}],"wp:term":[{"taxonomy":"category","embeddable":true,"href":"https:\/\/ciudadtrujillo.com\/index.php?rest_route=%2Fwp%2Fv2%2Fcategories&post=27370"},{"taxonomy":"post_tag","embeddable":true,"href":"https:\/\/ciudadtrujillo.com\/index.php?rest_route=%2Fwp%2Fv2%2Ftags&post=27370"}],"curies":[{"name":"wp","href":"https:\/\/api.w.org\/{rel}","templated":true}]}}