{"id":27326,"date":"2023-04-27T21:09:00","date_gmt":"2023-04-28T01:09:00","guid":{"rendered":"http:\/\/ciudadtrujillo.com\/?p=27326"},"modified":"2023-04-27T21:09:00","modified_gmt":"2023-04-28T01:09:00","slug":"en-trujillo-capital-realizan-lanzamiento-del-programa-semilla-para-la-vida","status":"publish","type":"post","link":"https:\/\/ciudadtrujillo.com\/?p=27326","title":{"rendered":"En Trujillo capital realizan lanzamiento del Programa \u00abSemilla para la Vida\u00bb"},"content":{"rendered":"<p style=\"text-align: justify;\">Cumpliendo con el quinto objetivo del Plan de la Patria, en articulaci\u00f3n con los ministerios de Ecosocialismo y de la Mujer, la alcald\u00eda del municipio Trujillo llev\u00f3 a cabo desde la plaza Bol\u00edvar de la localidad el lanzamiento del Programa \u00abSemilla para la Vida\u00bb.<\/p>\n<p style=\"text-align: justify;\">As\u00ed lo inform\u00f3 la primera combatiente del municipio, Ana Luc\u00eda Valera de Ter\u00e1n, quien recalc\u00f3 que el inicio de este programa se realiza en cumplimiento a los lineamientos del Presidente Nicol\u00e1s Maduro, la ministra Diva Guzm\u00e1n y del gobernador My. Gerardo M\u00e1rquez, adem\u00e1s de las orientaciones del alcalde Carlos Ter\u00e1n y la autoridad \u00fanica de la Mujer en el estado Mar\u00eda Avenda\u00f1o.<\/p>\n<p style=\"text-align: justify;\">Valera de Ter\u00e1n explic\u00f3 que el comienzo de este programa consisti\u00f3 en una actividad donde las mujeres gestantes de cada parroquia del municipio realizaron la siembra de una semilla \u00abcon el fin de darle el nacimiento a un nuevo ser vivo\u00bb.<\/p>\n<p style=\"text-align: justify;\">Por su parte, Avenda\u00f1o resalt\u00f3 que la actividad es propicia para promover la conciencia del pueblo en cuanto al cuidado de la Madre Tierra y la conservaci\u00f3n de la vida en el planeta. \u00abEl Plan de la Patria, dise\u00f1ado por el comandante Hugo Ch\u00e1vez, es el documento gu\u00eda para nosotros y orientar toda la pol\u00edtica de preservaci\u00f3n ambiental como lo se\u00f1ala el quinto objetivo\u00bb, dijo.<\/p>\n<p style=\"text-align: justify;\">Al respecto, Yesenia Raga, coordinadora de formaci\u00f3n de la Misi\u00f3n \u00c1rbol, destac\u00f3 que el lanzamiento del mencionado programa se extender\u00e1 por los dem\u00e1s municipios del estado en aras de fomentar la siembra de plantas para el futuro.<\/p>\n<p>&nbsp;<\/p>\n<p>&nbsp;<\/p>\n<h6>Prensa Alcald\u00eda de Trujillo\/Gr\u00e1ficas: cortes\u00eda<\/h6>\n","protected":false},"excerpt":{"rendered":"<p>Cumpliendo con el quinto objetivo del Plan de la Patria, en articulaci\u00f3n con los ministerios de Ecosocialismo y de la Mujer, la alcald\u00eda del municipio Trujillo llev\u00f3 a cabo desde&hellip; <\/p>\n","protected":false},"author":1,"featured_media":27327,"comment_status":"closed","ping_status":"closed","sticky":false,"template":"","format":"standard","meta":{"footnotes":""},"categories":[40],"tags":[],"class_list":["post-27326","post","type-post","status-publish","format-standard","has-post-thumbnail","hentry","category-grantrujillo"],"_links":{"self":[{"href":"https:\/\/ciudadtrujillo.com\/index.php?rest_route=\/wp\/v2\/posts\/27326","targetHints":{"allow":["GET"]}}],"collection":[{"href":"https:\/\/ciudadtrujillo.com\/index.php?rest_route=\/wp\/v2\/posts"}],"about":[{"href":"https:\/\/ciudadtrujillo.com\/index.php?rest_route=\/wp\/v2\/types\/post"}],"author":[{"embeddable":true,"href":"https:\/\/ciudadtrujillo.com\/index.php?rest_route=\/wp\/v2\/users\/1"}],"replies":[{"embeddable":true,"href":"https:\/\/ciudadtrujillo.com\/index.php?rest_route=%2Fwp%2Fv2%2Fcomments&post=27326"}],"version-history":[{"count":1,"href":"https:\/\/ciudadtrujillo.com\/index.php?rest_route=\/wp\/v2\/posts\/27326\/revisions"}],"predecessor-version":[{"id":27328,"href":"https:\/\/ciudadtrujillo.com\/index.php?rest_route=\/wp\/v2\/posts\/27326\/revisions\/27328"}],"wp:featuredmedia":[{"embeddable":true,"href":"https:\/\/ciudadtrujillo.com\/index.php?rest_route=\/wp\/v2\/media\/27327"}],"wp:attachment":[{"href":"https:\/\/ciudadtrujillo.com\/index.php?rest_route=%2Fwp%2Fv2%2Fmedia&parent=27326"}],"wp:term":[{"taxonomy":"category","embeddable":true,"href":"https:\/\/ciudadtrujillo.com\/index.php?rest_route=%2Fwp%2Fv2%2Fcategories&post=27326"},{"taxonomy":"post_tag","embeddable":true,"href":"https:\/\/ciudadtrujillo.com\/index.php?rest_route=%2Fwp%2Fv2%2Ftags&post=27326"}],"curies":[{"name":"wp","href":"https:\/\/api.w.org\/{rel}","templated":true}]}}