{"id":27323,"date":"2023-04-27T21:06:14","date_gmt":"2023-04-28T01:06:14","guid":{"rendered":"http:\/\/ciudadtrujillo.com\/?p=27323"},"modified":"2023-04-27T21:06:14","modified_gmt":"2023-04-28T01:06:14","slug":"fundasalud-mantiene-activas-jornadas-quirurgicas-en-centros-asistenciales-del-estado","status":"publish","type":"post","link":"https:\/\/ciudadtrujillo.com\/?p=27323","title":{"rendered":"Fundasalud mantiene activas jornadas quir\u00fargicas en centros asistenciales del estado"},"content":{"rendered":"<p style=\"text-align: justify;\">Gracias al plan quir\u00fargico regional ideado por la Fundaci\u00f3n Trujillana de la Salud, cumpliendo instrucciones de la ministra Magaly Guti\u00e9rrez, en el Hospital Universitario Pedro Emilio Carrillo de Valera se realizaron 16 intervenciones de hernioplastia inguinal y umbilical.<\/p>\n<p>Los insumos y medicamentos necesarios para dichas intervenciones fueron garantizados bajo la gesti\u00f3n permanente del MPPS, Fundasalud y el gobierno regional, cumpli\u00e9ndose a cabalidad las directrices del Presidente Nicol\u00e1s Maduro.<\/p>\n<p style=\"text-align: justify;\">\u00abEl d\u00eda martes tambi\u00e9n se resolvieron cinco esterilizaciones en el Hospital Mar\u00eda Aracelis \u00c1lvarez de Betijoque, donde se dio respuesta a pacientes del Eje Panamericano\u00bb, inform\u00f3 la directora estadal de la Red Hospitalaria, Yenni Hern\u00e1ndez.<\/p>\n<p style=\"text-align: justify;\">Del mismo modo, resalt\u00f3 que todos los mi\u00e9rcoles, el equipo quir\u00fargico regional se mantendr\u00e1 activo en jornadas desde los principales hospitales del estado Trujillo.<\/p>\n<p>\u00abPronto estaremos planificando lo que ser\u00e1 la jornada quir\u00fargica en el Hospital Rafael Rangel de Bocon\u00f3\u00bb, asever\u00f3.<\/p>\n<p>&nbsp;<\/p>\n<p>&nbsp;<\/p>\n<h6>Prensa Fundasalud\/Gr\u00e1ficas: Cortes\u00eda<\/h6>\n","protected":false},"excerpt":{"rendered":"<p>Gracias al plan quir\u00fargico regional ideado por la Fundaci\u00f3n Trujillana de la Salud, cumpliendo instrucciones de la ministra Magaly Guti\u00e9rrez, en el Hospital Universitario Pedro Emilio Carrillo de Valera se&hellip; <\/p>\n","protected":false},"author":1,"featured_media":27324,"comment_status":"closed","ping_status":"closed","sticky":false,"template":"","format":"standard","meta":{"footnotes":""},"categories":[40],"tags":[],"class_list":["post-27323","post","type-post","status-publish","format-standard","has-post-thumbnail","hentry","category-grantrujillo"],"_links":{"self":[{"href":"https:\/\/ciudadtrujillo.com\/index.php?rest_route=\/wp\/v2\/posts\/27323","targetHints":{"allow":["GET"]}}],"collection":[{"href":"https:\/\/ciudadtrujillo.com\/index.php?rest_route=\/wp\/v2\/posts"}],"about":[{"href":"https:\/\/ciudadtrujillo.com\/index.php?rest_route=\/wp\/v2\/types\/post"}],"author":[{"embeddable":true,"href":"https:\/\/ciudadtrujillo.com\/index.php?rest_route=\/wp\/v2\/users\/1"}],"replies":[{"embeddable":true,"href":"https:\/\/ciudadtrujillo.com\/index.php?rest_route=%2Fwp%2Fv2%2Fcomments&post=27323"}],"version-history":[{"count":1,"href":"https:\/\/ciudadtrujillo.com\/index.php?rest_route=\/wp\/v2\/posts\/27323\/revisions"}],"predecessor-version":[{"id":27325,"href":"https:\/\/ciudadtrujillo.com\/index.php?rest_route=\/wp\/v2\/posts\/27323\/revisions\/27325"}],"wp:featuredmedia":[{"embeddable":true,"href":"https:\/\/ciudadtrujillo.com\/index.php?rest_route=\/wp\/v2\/media\/27324"}],"wp:attachment":[{"href":"https:\/\/ciudadtrujillo.com\/index.php?rest_route=%2Fwp%2Fv2%2Fmedia&parent=27323"}],"wp:term":[{"taxonomy":"category","embeddable":true,"href":"https:\/\/ciudadtrujillo.com\/index.php?rest_route=%2Fwp%2Fv2%2Fcategories&post=27323"},{"taxonomy":"post_tag","embeddable":true,"href":"https:\/\/ciudadtrujillo.com\/index.php?rest_route=%2Fwp%2Fv2%2Ftags&post=27323"}],"curies":[{"name":"wp","href":"https:\/\/api.w.org\/{rel}","templated":true}]}}